{"id":2293,"date":"2020-08-08T14:18:58","date_gmt":"2020-08-08T12:18:58","guid":{"rendered":"https:\/\/fundacjaukraina.eu\/od-nauki-do-biznesu-fundacja-ukraina-zaprasza-na-darmowe-szkolenia\/"},"modified":"2023-03-01T13:39:17","modified_gmt":"2023-03-01T12:39:17","slug":"od-nauki-do-biznesu-fundacja-ukraina-zaprasza-na-darmowe-szkolenia","status":"publish","type":"post","link":"https:\/\/fundacjaukraina.eu\/en\/od-nauki-do-biznesu-fundacja-ukraina-zaprasza-na-darmowe-szkolenia\/","title":{"rendered":"Od nauki do biznesu &#8211; Fundacja Ukraina zaprasza na darmowe szkolenia"},"content":{"rendered":"<h6><i><span style=\"font-weight: 400;\">W sierpniu w ramach cyklu szkole\u0144 PMM Fundacja Ukraina przygotowa\u0142a dla migrant\u00f3w jeszcze wi\u0119cej darmowych edukacyjnych wydarze\u0144. Nasi specjali\u015bci poprowadz\u0105 szkolenia z zakresu trzech najwa\u017cniejszych zagadnie\u0144 na drodze adaptacji w nowym kraju: \u201cSzko\u0142y policealne od A do Z\u201d, \u201cWynajem mieszkania bez po\u015brednika\u201d oraz \u201cJak za\u0142o\u017cy\u0107 sw\u00f3j biznes\u201d.\u00a0<\/span><\/i><\/h6>\n<h2><b>Harmonogram szkole\u0144 \u201cPolska &#8211; moje miejsce\u201d na sierpie\u0144<\/b><\/h2>\n<p><span style=\"font-weight: 400;\">Og\u0142aszamy sierpie\u0144 miesi\u0105cem nauki w ramach cyklu \u201cPolska &#8211; moje miejsce\u201d. Tym razem Fundacja Ukraina przygotowa\u0142a a\u017c cztery darmowe szkolenia dla migrant\u00f3w Dolnego \u015al\u0105ska: \u201cSzko\u0142y policealne od A do Z\u201d, \u201cWynajem mieszkania bez po\u015brednika\u201d, \u201cJak za\u0142o\u017cy\u0107 sw\u00f3j biznes: strategia\u201d, oraz \u201cJak za\u0142o\u017cy\u0107 sw\u00f3j biznes: opodatkowanie\u201d. Sprawdzajcie harmonogram i rezerwujcie miejsca.<\/span><\/p>\n<h2><b>6.08 17-18:30 &#8211;\u00a0 Szkolenie \u201cSzko\u0142y policealne od A do Z\u201d<\/b><\/h2>\n<p><span style=\"font-weight: 400;\">Prawnik Fundacji Ukraina wyja\u015bni wszystkie kwestia dotycz\u0105ce szk\u00f3\u0142 policealnych we Wroc\u0142awiu oraz uzyskania zezwolenia na prac\u0119 na podstawie nauki.<\/span><\/p>\n<p><span style=\"font-weight: 400;\">Jakie pytania zostan\u0105 rozpatrzone?<\/span><\/p>\n<ul>\n<li style=\"font-weight: 400;\"><span style=\"font-weight: 400;\">Uko\u0144czenie studi\u00f3w w jakich szko\u0142ach daje zezwolenie na prac\u0119?\u00a0<\/span><\/li>\n<li style=\"font-weight: 400;\"><span style=\"font-weight: 400;\">Gdzie szuka\u0107 listy takich szk\u00f3\u0142?\u00a0<\/span><\/li>\n<li style=\"font-weight: 400;\"><span style=\"font-weight: 400;\">Jakie dokumenty s\u0105 potrzebne do podj\u0119cia nauki w szkole policealnej?\u00a0<\/span><\/li>\n<li style=\"font-weight: 400;\"><span style=\"font-weight: 400;\">Jakie s\u0105 warunki nauczania?<\/span><\/li>\n<\/ul>\n<p><span style=\"font-weight: 400;\">Rejestracja pod linkiem: <\/span><span style=\"color: #0000ff;\"><a style=\"color: #0000ff;\" href=\"https:\/\/forms.gle\/5B2whZBLAzPbK9WNA\"><span style=\"font-weight: 400;\">https:\/\/forms.gle\/5B2whZBLAzPbK9WNA<\/span><\/a><\/span><span style=\"font-weight: 400;\">.<\/span><\/p>\n<h2><b>8.08 15-16:30\u00a0 &#8211;\u00a0 Szkolenie \u201cWynajem mieszkania bez po\u015brednika\u201d<\/b><\/h2>\n<p><span style=\"font-weight: 400;\">Nasz prawnik opowie o wszystkich kwestiach dotycz\u0105cych wynajmu mieszkania we Wroc\u0142awiu bez po\u015brednik\u00f3w oraz poszukiwania idealnej oferty.\u00a0<\/span><\/p>\n<p><span style=\"font-weight: 400;\">Jakie pytania zostan\u0105 rozpatrzone?<\/span><\/p>\n<ul>\n<li style=\"font-weight: 400;\"><span style=\"font-weight: 400;\">Jak nie da\u0107 si\u0119 oszuka\u0107 przy wynajmie mieszkania?\u00a0<\/span><\/li>\n<li style=\"font-weight: 400;\"><span style=\"font-weight: 400;\">\u00a0Na co zwraca\u0107 uwag\u0119 przy podpisaniu umowy?\u00a0<\/span><\/li>\n<li style=\"font-weight: 400;\"><span style=\"font-weight: 400;\">Jakie umowy istniej\u0105 i kt\u00f3rych warto si\u0119 ostrzega\u0107?<\/span><\/li>\n<li style=\"font-weight: 400;\"><span style=\"font-weight: 400;\">Jakie s\u0105\u00a0 wady i zalety r\u00f3\u017cnych typ\u00f3w um\u00f3w?\u00a0<\/span><\/li>\n<li style=\"font-weight: 400;\"><span style=\"font-weight: 400;\">Gdzie szuka\u0107 ofert?<\/span><\/li>\n<\/ul>\n<p><span style=\"font-weight: 400;\">Rejestracja pod linkiem: <\/span><span style=\"color: #0000ff;\"><a style=\"color: #0000ff;\" href=\"https:\/\/forms.gle\/P1aaWRb94nz1ajzZ8\"><span style=\"font-weight: 400;\">https:\/\/forms.gle\/P1aaWRb94nz1ajzZ8<\/span><\/a><\/span><span style=\"font-weight: 400;\">.<\/span><\/p>\n<h2><b>13.08 17-18:30\u00a0 &#8211;\u00a0 Szkolenie \u201cJak za\u0142o\u017cy\u0107 sw\u00f3j biznes: strategia\u201d<\/b><\/h2>\n<p><span style=\"font-weight: 400;\">Razem z prawnikiem Fundacji om\u00f3wimy mechanizmy za\u0142o\u017cenia biznesu w Polsce dla obcokrajowc\u00f3w.\u00a0<\/span><\/p>\n<p><span style=\"font-weight: 400;\">Jakie pytania zostan\u0105 rozpatrzone?<\/span><\/p>\n<ul>\n<li style=\"font-weight: 400;\"><span style=\"font-weight: 400;\">Jakie dokumenty s\u0105 potrzebne dla za\u0142o\u017cenia biznesu?\u00a0<\/span><\/li>\n<li style=\"font-weight: 400;\"><span style=\"font-weight: 400;\">Jakie s\u0105 wady i zalety w\u0142asnej dzia\u0142alno\u015bci gospodarczej?\u00a0<\/span><\/li>\n<li style=\"font-weight: 400;\"><span style=\"font-weight: 400;\">Czy obcokrajowiec mo\u017ce otrzyma\u0107 wiz\u0119 na podstawie w\u0142asnego biznesu w Polsce?<\/span><\/li>\n<li style=\"font-weight: 400;\"><span style=\"font-weight: 400;\">Jak sprawdzi\u0107 czy pomys\u0142 na biznes oka\u017ce si\u0119 sukcesem?<\/span><\/li>\n<li style=\"font-weight: 400;\"><span style=\"font-weight: 400;\">Jak znale\u017a\u0107 klient\u00f3w?<\/span><\/li>\n<li style=\"font-weight: 400;\"><span style=\"font-weight: 400;\">Jak przygotowa\u0107 si\u0119 do wej\u015bcia na rynek?<\/span><\/li>\n<\/ul>\n<p><span style=\"font-weight: 400;\">Rejestracja pod linkiem: <\/span><span style=\"color: #0000ff;\"><a style=\"color: #0000ff;\" href=\"https:\/\/forms.gle\/hrQjhXUgCt7aGe2h7\"><span style=\"font-weight: 400;\">https:\/\/forms.gle\/hrQjhXUgCt7aGe2h7<\/span><\/a><\/span><span style=\"font-weight: 400;\">.\u00a0<\/span><\/p>\n<h2><b>20.08 17-18:00 &#8211;\u00a0 Szkolenie \u201cJak za\u0142o\u017cy\u0107 sw\u00f3j biznes: opodatkowanie\u201d<\/b><\/h2>\n<p><span style=\"font-weight: 400;\">Spotykamy si\u0119 w CUKRze razem z doradc\u0105 podatkowym Fundacji Ukraina aby wyja\u015bni\u0107 wszystkie kwestia dotycz\u0105ce opodatkowania biznesu w Polsce dla obcokrajowc\u00f3w.\u00a0<\/span><\/p>\n<p><span style=\"font-weight: 400;\">Jakie pytania zostan\u0105 rozpatrzone?<\/span><\/p>\n<ul>\n<li style=\"font-weight: 400;\"><span style=\"font-weight: 400;\">Opodatkowanie jednoosobowej dzia\u0142alno\u015bci gospodarczej &#8211; istniej\u0105ce rodzaje.<\/span><\/li>\n<li style=\"font-weight: 400;\"><span style=\"font-weight: 400;\">Czy op\u0142aca si\u0119 by\u0107 vatowcem?<\/span><\/li>\n<li style=\"font-weight: 400;\"><span style=\"font-weight: 400;\">Opodatkowanie sp\u00f3\u0142ek prawa handlowego.<\/span><\/li>\n<li style=\"font-weight: 400;\"><span style=\"font-weight: 400;\">Co to jest &#8220;esto\u0144ski&#8221; CIT?<\/span><\/li>\n<\/ul>\n<p><span style=\"font-weight: 400;\">Rejestracja pod linkiem: <\/span><span style=\"color: #0000ff;\"><a style=\"color: #0000ff;\" href=\"https:\/\/forms.gle\/cy9fDNgQubZ4PZjy5\"><span style=\"font-weight: 400;\">https:\/\/forms.gle\/cy9fDNgQubZ4PZjy5<\/span><\/a><\/span><span style=\"font-weight: 400;\">.\u00a0<\/span><\/p>\n<p><span style=\"font-weight: 400;\">Uwaga, ilo\u015b\u0107 miejsc jest ograniczona, dlatego prosimy o\u00a0 poprzednie zarejestrowanie si\u0119 poprzez formularz oraz o przybycie z 15 minutowym wyprzedzeniem w celu doko\u0144czenia rejestracji!<\/span><\/p>\n<h3><b>Wa\u017cne szczeg\u00f3\u0142y:<\/b><\/h3>\n<ol>\n<li style=\"font-weight: 400;\"><span style=\"font-weight: 400;\">Wszystkie nasze szkolenia s\u0105 darmowe!\u00a0<\/span><\/li>\n<li style=\"font-weight: 400;\"><span style=\"font-weight: 400;\">Wydarzenia dedykowane s\u0105 obywatelom pa\u0144stw trzecich (pochodz\u0105cych spoza kraj\u00f3w UE), kt\u00f3rzy mieszkaj\u0105 na Dolnym \u015al\u0105sku.\u00a0<\/span><\/li>\n<li style=\"font-weight: 400;\"><span style=\"font-weight: 400;\">Szkolenie prowadzone s\u0105 w j\u0119zyku polskim!<\/span><\/li>\n<li style=\"font-weight: 400;\"><span style=\"font-weight: 400;\">Przy sobie obowi\u0105zkowo trzeba mie\u0107 maseczk\u0119!<\/span><\/li>\n<li style=\"font-weight: 400;\"><span style=\"font-weight: 400;\">Wydarzenia odbywaj\u0105 si\u0119 w CUKRze przy ul.Ruska 46A\/201(3 lub 4 na domofonie). Serdecznie zapraszamy!<\/span><\/li>\n<li style=\"font-weight: 400;\"><span style=\"font-weight: 400;\">Zainteresowany? Je\u015bli nie znajdziesz tu odpowiedzi na swoje pytania, \u015bmia\u0142o pisz na <\/span><a href=\"mailto:fami@fotlsuj.cluster031.hosting.ovh.net\"><span style=\"font-weight: 400;\">fami@fotlsuj.cluster031.hosting.ovh.net<\/span><\/a><span style=\"font-weight: 400;\">.<\/span><\/li>\n<\/ol>\n<h2><b>B\u0105d\u017a w kontakcie z Fundacj\u0105 Ukraina!\u00a0<\/b><\/h2>\n<p><span style=\"font-weight: 400;\">Obserwujcie nas na stronach spo\u0142eczno\u015bciowych, aby by\u0107 na bie\u017c\u0105co ze wszystkimi projektami i wydarzeniami Fundacji Ukraina!\u00a0<\/span><\/p>\n<p><span style=\"font-weight: 400;\">Facebook: <\/span><span style=\"color: #0000ff;\"><a style=\"color: #0000ff;\" href=\"https:\/\/www.facebook.com\/CUKR.Wroclaw\/\"><span style=\"font-weight: 400;\">https:\/\/www.facebook.com\/CUKR.Wroclaw\/<\/span><\/a><\/span><span style=\"font-weight: 400;\"> i <\/span><span style=\"color: #0000ff;\"><a style=\"color: #0000ff;\" href=\"https:\/\/www.facebook.com\/fundacja.ukraina\/\"><span style=\"font-weight: 400;\">https:\/\/www.facebook.com\/fundacja.ukraina\/<\/span><\/a><\/span><span style=\"font-weight: 400;\">.<\/span><\/p>\n<p><span style=\"font-weight: 400;\">Instagram: <\/span><span style=\"color: #0000ff;\"><a style=\"color: #0000ff;\" href=\"https:\/\/www.instagram.com\/cukr.wroclaw\/\"><span style=\"font-weight: 400;\">https:\/\/www.instagram.com\/cukr.wroclaw\/<\/span><\/a><\/span><span style=\"font-weight: 400;\">\u00a0<\/span><\/p>\n<p><span style=\"font-weight: 400;\">YouTube: <\/span><span style=\"color: #0000ff;\"><a style=\"color: #0000ff;\" href=\"https:\/\/www.youtube.com\/channel\/UCS9Afcq5gYybQwMTOvfeGXg\"><span style=\"font-weight: 400;\">https:\/\/www.youtube.com\/channel\/UCS9Afcq5gYybQwMTOvfeGXg<\/span><\/a><\/span><span style=\"font-weight: 400;\">.\u00a0<\/span><\/p>\n<img loading=\"lazy\" decoding=\"async\" class=\"alignnone wp-image-10326 size-full\" src=\"https:\/\/fundacjaukraina.eu\/wp-content\/uploads\/2020\/06\/LOGO-FAMI.png\" alt=\"\" width=\"2874\" height=\"362\" \/>\n","protected":false},"excerpt":{"rendered":"<p>W sierpniu w ramach cyklu szkole\u0144 PMM Fundacja Ukraina przygotowa\u0142a dla migrant\u00f3w jeszcze wi\u0119cej darmowych edukacyjnych wydarze\u0144. Nasi specjali\u015bci poprowadz\u0105 szkolenia z zakresu trzech najwa\u017cniejszych zagadnie\u0144 na drodze adaptacji w nowym kraju: \u201cSzko\u0142y policealne od A do Z\u201d, \u201cWynajem mieszkania bez po\u015brednika\u201d oraz \u201cJak za\u0142o\u017cy\u0107 sw\u00f3j biznes\u201d.\u00a0 Harmonogram szkole\u0144 \u201cPolska &#8211; moje miejsce\u201d na sierpie\u0144&#8230;<\/p>\n","protected":false},"author":1,"featured_media":2294,"comment_status":"closed","ping_status":"closed","sticky":false,"template":"","format":"standard","meta":{"_eb_attr":"","inline_featured_image":false,"advgb_blocks_editor_width":"","advgb_blocks_columns_visual_guide":"","footnotes":""},"categories":[39],"tags":[],"class_list":["post-2293","post","type-post","status-publish","format-standard","has-post-thumbnail","hentry","category-fami"],"yoast_head":"<!-- This site is optimized with the Yoast SEO plugin v27.4 - https:\/\/yoast.com\/product\/yoast-seo-wordpress\/ -->\n<title>Od nauki do biznesu - Fundacja Ukraina zaprasza na darmowe szkolenia - Fundacja Ukraina<\/title>\n<meta name=\"robots\" content=\"index, follow, max-snippet:-1, max-image-preview:large, max-video-preview:-1\" \/>\n<link rel=\"canonical\" href=\"https:\/\/fundacjaukraina.eu\/od-nauki-do-biznesu-fundacja-ukraina-zaprasza-na-darmowe-szkolenia\/\" \/>\n<meta property=\"og:locale\" content=\"en_US\" \/>\n<meta property=\"og:type\" content=\"article\" \/>\n<meta property=\"og:title\" content=\"Od nauki do biznesu - Fundacja Ukraina zaprasza na darmowe szkolenia - Fundacja Ukraina\" \/>\n<meta property=\"og:description\" content=\"W sierpniu w ramach cyklu szkole\u0144 PMM Fundacja Ukraina przygotowa\u0142a dla migrant\u00f3w jeszcze wi\u0119cej darmowych edukacyjnych wydarze\u0144. Nasi specjali\u015bci poprowadz\u0105 szkolenia z zakresu trzech najwa\u017cniejszych zagadnie\u0144 na drodze adaptacji w nowym kraju: \u201cSzko\u0142y policealne od A do Z\u201d, \u201cWynajem mieszkania bez po\u015brednika\u201d oraz \u201cJak za\u0142o\u017cy\u0107 sw\u00f3j biznes\u201d.\u00a0 Harmonogram szkole\u0144 \u201cPolska &#8211; moje miejsce\u201d na sierpie\u0144...\" \/>\n<meta property=\"og:url\" content=\"https:\/\/fundacjaukraina.eu\/od-nauki-do-biznesu-fundacja-ukraina-zaprasza-na-darmowe-szkolenia\/\" \/>\n<meta property=\"og:site_name\" content=\"Fundacja Ukraina\" \/>\n<meta property=\"article:publisher\" content=\"https:\/\/www.facebook.com\/fundacja.ukraina\/\" \/>\n<meta property=\"article:published_time\" content=\"2020-08-08T12:18:58+00:00\" \/>\n<meta property=\"article:modified_time\" content=\"2023-03-01T12:39:17+00:00\" \/>\n<meta property=\"og:image\" content=\"https:\/\/fundacjaukraina.eu\/wp-content\/uploads\/2023\/01\/darmowe-wydarzenia-sierpien-1.jpg\" \/>\n\t<meta property=\"og:image:width\" content=\"1050\" \/>\n\t<meta property=\"og:image:height\" content=\"700\" \/>\n\t<meta property=\"og:image:type\" content=\"image\/jpeg\" \/>\n<meta name=\"author\" content=\"fu-admin\" \/>\n<meta name=\"twitter:card\" content=\"summary_large_image\" \/>\n<meta name=\"twitter:label1\" content=\"Written by\" \/>\n\t<meta name=\"twitter:data1\" content=\"fu-admin\" \/>\n\t<meta name=\"twitter:label2\" content=\"Est. reading time\" \/>\n\t<meta name=\"twitter:data2\" content=\"3 minutes\" \/>\n<script type=\"application\/ld+json\" class=\"yoast-schema-graph\">{\"@context\":\"https:\\\/\\\/schema.org\",\"@graph\":[{\"@type\":\"Article\",\"@id\":\"https:\\\/\\\/fundacjaukraina.eu\\\/od-nauki-do-biznesu-fundacja-ukraina-zaprasza-na-darmowe-szkolenia\\\/#article\",\"isPartOf\":{\"@id\":\"https:\\\/\\\/fundacjaukraina.eu\\\/od-nauki-do-biznesu-fundacja-ukraina-zaprasza-na-darmowe-szkolenia\\\/\"},\"author\":{\"name\":\"fu-admin\",\"@id\":\"https:\\\/\\\/fundacjaukraina.eu\\\/#\\\/schema\\\/person\\\/695dd52aaea89387b9eaa44ca3622e57\"},\"headline\":\"Od nauki do biznesu &#8211; Fundacja Ukraina zaprasza na darmowe szkolenia\",\"datePublished\":\"2020-08-08T12:18:58+00:00\",\"dateModified\":\"2023-03-01T12:39:17+00:00\",\"mainEntityOfPage\":{\"@id\":\"https:\\\/\\\/fundacjaukraina.eu\\\/od-nauki-do-biznesu-fundacja-ukraina-zaprasza-na-darmowe-szkolenia\\\/\"},\"wordCount\":624,\"publisher\":{\"@id\":\"https:\\\/\\\/fundacjaukraina.eu\\\/#organization\"},\"image\":{\"@id\":\"https:\\\/\\\/fundacjaukraina.eu\\\/od-nauki-do-biznesu-fundacja-ukraina-zaprasza-na-darmowe-szkolenia\\\/#primaryimage\"},\"thumbnailUrl\":\"https:\\\/\\\/fundacjaukraina.eu\\\/wp-content\\\/uploads\\\/2023\\\/01\\\/darmowe-wydarzenia-sierpien-1.jpg\",\"articleSection\":[\"FAMI\"],\"inLanguage\":\"en-US\"},{\"@type\":\"WebPage\",\"@id\":\"https:\\\/\\\/fundacjaukraina.eu\\\/od-nauki-do-biznesu-fundacja-ukraina-zaprasza-na-darmowe-szkolenia\\\/\",\"url\":\"https:\\\/\\\/fundacjaukraina.eu\\\/od-nauki-do-biznesu-fundacja-ukraina-zaprasza-na-darmowe-szkolenia\\\/\",\"name\":\"Od nauki do biznesu - Fundacja Ukraina zaprasza na darmowe szkolenia - Fundacja Ukraina\",\"isPartOf\":{\"@id\":\"https:\\\/\\\/fundacjaukraina.eu\\\/#website\"},\"primaryImageOfPage\":{\"@id\":\"https:\\\/\\\/fundacjaukraina.eu\\\/od-nauki-do-biznesu-fundacja-ukraina-zaprasza-na-darmowe-szkolenia\\\/#primaryimage\"},\"image\":{\"@id\":\"https:\\\/\\\/fundacjaukraina.eu\\\/od-nauki-do-biznesu-fundacja-ukraina-zaprasza-na-darmowe-szkolenia\\\/#primaryimage\"},\"thumbnailUrl\":\"https:\\\/\\\/fundacjaukraina.eu\\\/wp-content\\\/uploads\\\/2023\\\/01\\\/darmowe-wydarzenia-sierpien-1.jpg\",\"datePublished\":\"2020-08-08T12:18:58+00:00\",\"dateModified\":\"2023-03-01T12:39:17+00:00\",\"breadcrumb\":{\"@id\":\"https:\\\/\\\/fundacjaukraina.eu\\\/od-nauki-do-biznesu-fundacja-ukraina-zaprasza-na-darmowe-szkolenia\\\/#breadcrumb\"},\"inLanguage\":\"en-US\",\"potentialAction\":[{\"@type\":\"ReadAction\",\"target\":[\"https:\\\/\\\/fundacjaukraina.eu\\\/od-nauki-do-biznesu-fundacja-ukraina-zaprasza-na-darmowe-szkolenia\\\/\"]}]},{\"@type\":\"ImageObject\",\"inLanguage\":\"en-US\",\"@id\":\"https:\\\/\\\/fundacjaukraina.eu\\\/od-nauki-do-biznesu-fundacja-ukraina-zaprasza-na-darmowe-szkolenia\\\/#primaryimage\",\"url\":\"https:\\\/\\\/fundacjaukraina.eu\\\/wp-content\\\/uploads\\\/2023\\\/01\\\/darmowe-wydarzenia-sierpien-1.jpg\",\"contentUrl\":\"https:\\\/\\\/fundacjaukraina.eu\\\/wp-content\\\/uploads\\\/2023\\\/01\\\/darmowe-wydarzenia-sierpien-1.jpg\",\"width\":1050,\"height\":700,\"caption\":\"Grupa m\u0119\u017cczyzn siedzi w bibliotece i korzysta z laptopa.\"},{\"@type\":\"BreadcrumbList\",\"@id\":\"https:\\\/\\\/fundacjaukraina.eu\\\/od-nauki-do-biznesu-fundacja-ukraina-zaprasza-na-darmowe-szkolenia\\\/#breadcrumb\",\"itemListElement\":[{\"@type\":\"ListItem\",\"position\":1,\"name\":\"Home\",\"item\":\"https:\\\/\\\/fundacjaukraina.eu\\\/en\\\/\"},{\"@type\":\"ListItem\",\"position\":2,\"name\":\"Od nauki do biznesu &#8211; Fundacja Ukraina zaprasza na darmowe szkolenia\"}]},{\"@type\":\"WebSite\",\"@id\":\"https:\\\/\\\/fundacjaukraina.eu\\\/#website\",\"url\":\"https:\\\/\\\/fundacjaukraina.eu\\\/\",\"name\":\"Fundacja Ukraina\",\"description\":\"Pracujemy z lud\u017ami i dla ludzi\",\"publisher\":{\"@id\":\"https:\\\/\\\/fundacjaukraina.eu\\\/#organization\"},\"potentialAction\":[{\"@type\":\"SearchAction\",\"target\":{\"@type\":\"EntryPoint\",\"urlTemplate\":\"https:\\\/\\\/fundacjaukraina.eu\\\/?s={search_term_string}\"},\"query-input\":{\"@type\":\"PropertyValueSpecification\",\"valueRequired\":true,\"valueName\":\"search_term_string\"}}],\"inLanguage\":\"en-US\"},{\"@type\":\"Organization\",\"@id\":\"https:\\\/\\\/fundacjaukraina.eu\\\/#organization\",\"name\":\"Fundacja Ukraina\",\"url\":\"https:\\\/\\\/fundacjaukraina.eu\\\/\",\"logo\":{\"@type\":\"ImageObject\",\"inLanguage\":\"en-US\",\"@id\":\"https:\\\/\\\/fundacjaukraina.eu\\\/#\\\/schema\\\/logo\\\/image\\\/\",\"url\":\"https:\\\/\\\/fundacjaukraina.eu\\\/wp-content\\\/uploads\\\/2023\\\/09\\\/fu-main.png\",\"contentUrl\":\"https:\\\/\\\/fundacjaukraina.eu\\\/wp-content\\\/uploads\\\/2023\\\/09\\\/fu-main.png\",\"width\":1200,\"height\":630,\"caption\":\"Fundacja Ukraina\"},\"image\":{\"@id\":\"https:\\\/\\\/fundacjaukraina.eu\\\/#\\\/schema\\\/logo\\\/image\\\/\"},\"sameAs\":[\"https:\\\/\\\/www.facebook.com\\\/fundacja.ukraina\\\/\",\"https:\\\/\\\/www.linkedin.com\\\/company\\\/fundacja-ukraina\"]},{\"@type\":\"Person\",\"@id\":\"https:\\\/\\\/fundacjaukraina.eu\\\/#\\\/schema\\\/person\\\/695dd52aaea89387b9eaa44ca3622e57\",\"name\":\"fu-admin\",\"image\":{\"@type\":\"ImageObject\",\"inLanguage\":\"en-US\",\"@id\":\"https:\\\/\\\/secure.gravatar.com\\\/avatar\\\/51242c9e7cbd8a4a290d3e357f646828e11567e4f3958f79d43b8351b1dda904?s=96&d=mm&r=g\",\"url\":\"https:\\\/\\\/secure.gravatar.com\\\/avatar\\\/51242c9e7cbd8a4a290d3e357f646828e11567e4f3958f79d43b8351b1dda904?s=96&d=mm&r=g\",\"contentUrl\":\"https:\\\/\\\/secure.gravatar.com\\\/avatar\\\/51242c9e7cbd8a4a290d3e357f646828e11567e4f3958f79d43b8351b1dda904?s=96&d=mm&r=g\",\"caption\":\"fu-admin\"},\"sameAs\":[\"https:\\\/\\\/fundacjaukraina.eu\"],\"url\":\"https:\\\/\\\/fundacjaukraina.eu\\\/en\\\/author\\\/fu-admin\\\/\"}]}<\/script>\n<!-- \/ Yoast SEO plugin. -->","yoast_head_json":{"title":"Od nauki do biznesu - Fundacja Ukraina zaprasza na darmowe szkolenia - Fundacja Ukraina","robots":{"index":"index","follow":"follow","max-snippet":"max-snippet:-1","max-image-preview":"max-image-preview:large","max-video-preview":"max-video-preview:-1"},"canonical":"https:\/\/fundacjaukraina.eu\/od-nauki-do-biznesu-fundacja-ukraina-zaprasza-na-darmowe-szkolenia\/","og_locale":"en_US","og_type":"article","og_title":"Od nauki do biznesu - Fundacja Ukraina zaprasza na darmowe szkolenia - Fundacja Ukraina","og_description":"W sierpniu w ramach cyklu szkole\u0144 PMM Fundacja Ukraina przygotowa\u0142a dla migrant\u00f3w jeszcze wi\u0119cej darmowych edukacyjnych wydarze\u0144. Nasi specjali\u015bci poprowadz\u0105 szkolenia z zakresu trzech najwa\u017cniejszych zagadnie\u0144 na drodze adaptacji w nowym kraju: \u201cSzko\u0142y policealne od A do Z\u201d, \u201cWynajem mieszkania bez po\u015brednika\u201d oraz \u201cJak za\u0142o\u017cy\u0107 sw\u00f3j biznes\u201d.\u00a0 Harmonogram szkole\u0144 \u201cPolska &#8211; moje miejsce\u201d na sierpie\u0144...","og_url":"https:\/\/fundacjaukraina.eu\/od-nauki-do-biznesu-fundacja-ukraina-zaprasza-na-darmowe-szkolenia\/","og_site_name":"Fundacja Ukraina","article_publisher":"https:\/\/www.facebook.com\/fundacja.ukraina\/","article_published_time":"2020-08-08T12:18:58+00:00","article_modified_time":"2023-03-01T12:39:17+00:00","og_image":[{"width":1050,"height":700,"url":"https:\/\/fundacjaukraina.eu\/wp-content\/uploads\/2023\/01\/darmowe-wydarzenia-sierpien-1.jpg","type":"image\/jpeg"}],"author":"fu-admin","twitter_card":"summary_large_image","twitter_misc":{"Written by":"fu-admin","Est. reading time":"3 minutes"},"schema":{"@context":"https:\/\/schema.org","@graph":[{"@type":"Article","@id":"https:\/\/fundacjaukraina.eu\/od-nauki-do-biznesu-fundacja-ukraina-zaprasza-na-darmowe-szkolenia\/#article","isPartOf":{"@id":"https:\/\/fundacjaukraina.eu\/od-nauki-do-biznesu-fundacja-ukraina-zaprasza-na-darmowe-szkolenia\/"},"author":{"name":"fu-admin","@id":"https:\/\/fundacjaukraina.eu\/#\/schema\/person\/695dd52aaea89387b9eaa44ca3622e57"},"headline":"Od nauki do biznesu &#8211; Fundacja Ukraina zaprasza na darmowe szkolenia","datePublished":"2020-08-08T12:18:58+00:00","dateModified":"2023-03-01T12:39:17+00:00","mainEntityOfPage":{"@id":"https:\/\/fundacjaukraina.eu\/od-nauki-do-biznesu-fundacja-ukraina-zaprasza-na-darmowe-szkolenia\/"},"wordCount":624,"publisher":{"@id":"https:\/\/fundacjaukraina.eu\/#organization"},"image":{"@id":"https:\/\/fundacjaukraina.eu\/od-nauki-do-biznesu-fundacja-ukraina-zaprasza-na-darmowe-szkolenia\/#primaryimage"},"thumbnailUrl":"https:\/\/fundacjaukraina.eu\/wp-content\/uploads\/2023\/01\/darmowe-wydarzenia-sierpien-1.jpg","articleSection":["FAMI"],"inLanguage":"en-US"},{"@type":"WebPage","@id":"https:\/\/fundacjaukraina.eu\/od-nauki-do-biznesu-fundacja-ukraina-zaprasza-na-darmowe-szkolenia\/","url":"https:\/\/fundacjaukraina.eu\/od-nauki-do-biznesu-fundacja-ukraina-zaprasza-na-darmowe-szkolenia\/","name":"Od nauki do biznesu - Fundacja Ukraina zaprasza na darmowe szkolenia - Fundacja Ukraina","isPartOf":{"@id":"https:\/\/fundacjaukraina.eu\/#website"},"primaryImageOfPage":{"@id":"https:\/\/fundacjaukraina.eu\/od-nauki-do-biznesu-fundacja-ukraina-zaprasza-na-darmowe-szkolenia\/#primaryimage"},"image":{"@id":"https:\/\/fundacjaukraina.eu\/od-nauki-do-biznesu-fundacja-ukraina-zaprasza-na-darmowe-szkolenia\/#primaryimage"},"thumbnailUrl":"https:\/\/fundacjaukraina.eu\/wp-content\/uploads\/2023\/01\/darmowe-wydarzenia-sierpien-1.jpg","datePublished":"2020-08-08T12:18:58+00:00","dateModified":"2023-03-01T12:39:17+00:00","breadcrumb":{"@id":"https:\/\/fundacjaukraina.eu\/od-nauki-do-biznesu-fundacja-ukraina-zaprasza-na-darmowe-szkolenia\/#breadcrumb"},"inLanguage":"en-US","potentialAction":[{"@type":"ReadAction","target":["https:\/\/fundacjaukraina.eu\/od-nauki-do-biznesu-fundacja-ukraina-zaprasza-na-darmowe-szkolenia\/"]}]},{"@type":"ImageObject","inLanguage":"en-US","@id":"https:\/\/fundacjaukraina.eu\/od-nauki-do-biznesu-fundacja-ukraina-zaprasza-na-darmowe-szkolenia\/#primaryimage","url":"https:\/\/fundacjaukraina.eu\/wp-content\/uploads\/2023\/01\/darmowe-wydarzenia-sierpien-1.jpg","contentUrl":"https:\/\/fundacjaukraina.eu\/wp-content\/uploads\/2023\/01\/darmowe-wydarzenia-sierpien-1.jpg","width":1050,"height":700,"caption":"Grupa m\u0119\u017cczyzn siedzi w bibliotece i korzysta z laptopa."},{"@type":"BreadcrumbList","@id":"https:\/\/fundacjaukraina.eu\/od-nauki-do-biznesu-fundacja-ukraina-zaprasza-na-darmowe-szkolenia\/#breadcrumb","itemListElement":[{"@type":"ListItem","position":1,"name":"Home","item":"https:\/\/fundacjaukraina.eu\/en\/"},{"@type":"ListItem","position":2,"name":"Od nauki do biznesu &#8211; Fundacja Ukraina zaprasza na darmowe szkolenia"}]},{"@type":"WebSite","@id":"https:\/\/fundacjaukraina.eu\/#website","url":"https:\/\/fundacjaukraina.eu\/","name":"Fundacja Ukraina","description":"Pracujemy z lud\u017ami i dla ludzi","publisher":{"@id":"https:\/\/fundacjaukraina.eu\/#organization"},"potentialAction":[{"@type":"SearchAction","target":{"@type":"EntryPoint","urlTemplate":"https:\/\/fundacjaukraina.eu\/?s={search_term_string}"},"query-input":{"@type":"PropertyValueSpecification","valueRequired":true,"valueName":"search_term_string"}}],"inLanguage":"en-US"},{"@type":"Organization","@id":"https:\/\/fundacjaukraina.eu\/#organization","name":"Fundacja Ukraina","url":"https:\/\/fundacjaukraina.eu\/","logo":{"@type":"ImageObject","inLanguage":"en-US","@id":"https:\/\/fundacjaukraina.eu\/#\/schema\/logo\/image\/","url":"https:\/\/fundacjaukraina.eu\/wp-content\/uploads\/2023\/09\/fu-main.png","contentUrl":"https:\/\/fundacjaukraina.eu\/wp-content\/uploads\/2023\/09\/fu-main.png","width":1200,"height":630,"caption":"Fundacja Ukraina"},"image":{"@id":"https:\/\/fundacjaukraina.eu\/#\/schema\/logo\/image\/"},"sameAs":["https:\/\/www.facebook.com\/fundacja.ukraina\/","https:\/\/www.linkedin.com\/company\/fundacja-ukraina"]},{"@type":"Person","@id":"https:\/\/fundacjaukraina.eu\/#\/schema\/person\/695dd52aaea89387b9eaa44ca3622e57","name":"fu-admin","image":{"@type":"ImageObject","inLanguage":"en-US","@id":"https:\/\/secure.gravatar.com\/avatar\/51242c9e7cbd8a4a290d3e357f646828e11567e4f3958f79d43b8351b1dda904?s=96&d=mm&r=g","url":"https:\/\/secure.gravatar.com\/avatar\/51242c9e7cbd8a4a290d3e357f646828e11567e4f3958f79d43b8351b1dda904?s=96&d=mm&r=g","contentUrl":"https:\/\/secure.gravatar.com\/avatar\/51242c9e7cbd8a4a290d3e357f646828e11567e4f3958f79d43b8351b1dda904?s=96&d=mm&r=g","caption":"fu-admin"},"sameAs":["https:\/\/fundacjaukraina.eu"],"url":"https:\/\/fundacjaukraina.eu\/en\/author\/fu-admin\/"}]}},"author_meta":{"display_name":"fu-admin","author_link":"https:\/\/fundacjaukraina.eu\/en\/author\/fu-admin\/"},"featured_img":"https:\/\/fundacjaukraina.eu\/wp-content\/uploads\/2023\/01\/darmowe-wydarzenia-sierpien-1-600x400.jpg","coauthors":[],"tax_additional":{"categories":{"linked":["<a href=\"https:\/\/fundacjaukraina.eu\/en\/category\/fami\/\" class=\"advgb-post-tax-term\">FAMI<\/a>"],"unlinked":["<span class=\"advgb-post-tax-term\">FAMI<\/span>"]}},"comment_count":"0","relative_dates":{"created":"Posted 6 years ago","modified":"Updated 3 years ago"},"absolute_dates":{"created":"Posted on 2020-08-08","modified":"Updated on 2023-03-01"},"absolute_dates_time":{"created":"Posted on 2020-08-08 14:18","modified":"Updated on 2023-03-01 13:39"},"featured_img_caption":"","series_order":"","_links":{"self":[{"href":"https:\/\/fundacjaukraina.eu\/en\/wp-json\/wp\/v2\/posts\/2293","targetHints":{"allow":["GET"]}}],"collection":[{"href":"https:\/\/fundacjaukraina.eu\/en\/wp-json\/wp\/v2\/posts"}],"about":[{"href":"https:\/\/fundacjaukraina.eu\/en\/wp-json\/wp\/v2\/types\/post"}],"author":[{"embeddable":true,"href":"https:\/\/fundacjaukraina.eu\/en\/wp-json\/wp\/v2\/users\/1"}],"replies":[{"embeddable":true,"href":"https:\/\/fundacjaukraina.eu\/en\/wp-json\/wp\/v2\/comments?post=2293"}],"version-history":[{"count":1,"href":"https:\/\/fundacjaukraina.eu\/en\/wp-json\/wp\/v2\/posts\/2293\/revisions"}],"predecessor-version":[{"id":4078,"href":"https:\/\/fundacjaukraina.eu\/en\/wp-json\/wp\/v2\/posts\/2293\/revisions\/4078"}],"wp:featuredmedia":[{"embeddable":true,"href":"https:\/\/fundacjaukraina.eu\/en\/wp-json\/wp\/v2\/media\/2294"}],"wp:attachment":[{"href":"https:\/\/fundacjaukraina.eu\/en\/wp-json\/wp\/v2\/media?parent=2293"}],"wp:term":[{"taxonomy":"category","embeddable":true,"href":"https:\/\/fundacjaukraina.eu\/en\/wp-json\/wp\/v2\/categories?post=2293"},{"taxonomy":"post_tag","embeddable":true,"href":"https:\/\/fundacjaukraina.eu\/en\/wp-json\/wp\/v2\/tags?post=2293"}],"curies":[{"name":"wp","href":"https:\/\/api.w.org\/{rel}","templated":true}]}}