{"id":2794,"date":"2022-03-04T17:01:55","date_gmt":"2022-03-04T16:01:55","guid":{"rendered":"https:\/\/fundacjaukraina.eu\/ubezpiecz-sie-i-zyj-spokojnie\/"},"modified":"2023-06-20T09:26:45","modified_gmt":"2023-06-20T07:26:45","slug":"ubezpiecz-sie-i-zyj-spokojnie","status":"publish","type":"post","link":"https:\/\/fundacjaukraina.eu\/en\/ubezpiecz-sie-i-zyj-spokojnie\/","title":{"rendered":"Ubezpiecz si\u0119 i \u017cyj spokojnie!"},"content":{"rendered":"<p><strong><i>W si\u00f3dmym\u00a0 filmie na naszym blogu \u201eInForMigrants\u201d we wsp\u00f3\u0142pracy z YouTube \u2013 <\/i>kana\u0142em<i> \u201e\u017bycie po emigracji\u201d porozmawiamy z doradc\u0105 ubezpieczeniowym we Wroc\u0142awiu\u00a0 &#8211; Vitalijem Timoshenko.<\/i><\/strong><\/p>\n<p><span style=\"font-weight: 400;\"><br \/>\n<\/span><span style=\"font-weight: 400;\">InForMigrants &#8211; to cykl filmik\u00f3w informacyjnych przygotowanych przez kana\u0142 \u201c\u017bycie po emigracji&#8221; we wsp\u00f3\u0142pracy z Instytutem Praw Migrant\u00f3w. Wszystko o kwestiach administracyjno-prawnych i sprawach \u017cycia codziennego w Polsce. Wywiady z ekspertami i korzystne porady.<\/span><\/p>\n<p><span style=\"font-weight: 400;\">Ukrai\u0144cy s\u0105 przyzwyczajeni do tego, \u017ce nie ufaj\u0105 firmom ubezpieczeniowym. Wykupuj\u0105 tylko ubezpieczenia obowi\u0105zkowe, takie jak ubezpieczenie podr\u00f3\u017cne lub samochodowe. Ubezpieczenie daje jednak o wiele wi\u0119cej mo\u017cliwo\u015bci, zw\u0142aszcza w Europie.\u00a0<\/span><\/p>\n<p><span style=\"font-weight: 400;\">Czasami w\u0142a\u015bnie posiadanie ubezpieczenia mo\u017ce bardzo pom\u00f3c nawet w nietypowych i niespodziewanych sytuacjach.<\/span><\/p>\n<p><iframe loading=\"lazy\" title=\"RESTART. \u0412\u0438\u0442\u0430\u043b\u0438\u0439 \u0422\u0438\u043c\u043e\u0448\u0435\u043d\u043a\u043e. \u0421\u0442\u0440\u0430\u0445\u043e\u0432\u0430\u043d\u0438\u0435 \u0438 \u0435\u0433\u043e \u0432\u043e\u0437\u043c\u043e\u0436\u043d\u043e\u0441\u0442\u0438 \u0432 \u0415\u0432\u0440\u043e\u043f\u0435\" width=\"500\" height=\"281\" src=\"https:\/\/www.youtube.com\/embed\/1NwScQrsvOE?feature=oembed\" frameborder=\"0\" allow=\"accelerometer; autoplay; clipboard-write; encrypted-media; gyroscope; picture-in-picture; web-share\" referrerpolicy=\"strict-origin-when-cross-origin\" allowfullscreen><\/iframe><\/p>\n<p><span style=\"font-weight: 400;\">Rozmawiali\u015bmy z naszym go\u015bciem o mo\u017cliwo\u015bciach i rodzajach ubezpiecze\u0144 w Europie.<\/span><\/p>\n<p><span style=\"font-weight: 400;\">Dla wygodniejszego ogl\u0105dania przygotowali\u015bmy kody czasowe:<\/span><\/p>\n<p><span style=\"font-weight: 400;\">00:35 Najcz\u0119\u015bciej zadawane przez klient\u00f3w pytania\u00a0<\/span><\/p>\n<p><span style=\"font-weight: 400;\">01:19 Ubezpieczenie samochodu. Co warto wiedzie\u0107<\/span><\/p>\n<p><span style=\"font-weight: 400;\">02:23 Ubezpieczenie samochodu do 26 roku \u017cycia<\/span><\/p>\n<p><span style=\"font-weight: 400;\">03:10 Czy wcze\u015bniejsze do\u015bwiadczenie w prowadzeniu samochodu jest brane pod uwag\u0119 przy ubezpieczeniu samochodu w Polsce<\/span><\/p>\n<p><span style=\"font-weight: 400;\">05:05 Rodzaje ubezpiecze\u0144 i ich konieczno\u015b\u0107<\/span><\/p>\n<p><span style=\"font-weight: 400;\">09:25 Ubezpieczenie salon\u00f3w tatua\u017cu. Co to jest i co nale\u017cy ubezpieczy\u0107<\/span><\/p>\n<p><span style=\"font-weight: 400;\">10:16 Ubezpieczenia dla kosmetolog\u00f3w &#8211; jak chroni\u0107 siebie i sw\u00f3j biznes<\/span><\/p>\n<p><span style=\"font-weight: 400;\">12:03 Ubezpieczenie dzia\u0142alno\u015bci w bran\u017cy gastronomicznej<\/span><\/p>\n<p><span style=\"font-weight: 400;\">12:55 Ubezpieczenie karty pobytu<\/span><\/p>\n<p><span style=\"font-weight: 400;\">14:25 Ubezpieczenia dla pracodawc\u00f3w i mo\u017cliwo\u015bci prowadzenia praktyki lekarskiej<\/span><\/p>\n<p><span style=\"font-weight: 400;\">16:32 Jak przekona\u0107 kogo\u015b do zakupu ubezpieczenia?<\/span><\/p>\n<p><span style=\"font-weight: 400;\">17:58 Dlaczego nadal potrzebujesz ubezpieczenia, skoro w\u0142a\u015bnie wyemigrowa\u0142e\u015b do Europy?<\/span><\/p>\n<p><span style=\"font-weight: 400;\">19:00 Koszt zwyk\u0142ego ubezpieczenia\u00a0<\/span><\/p>\n<p><span style=\"font-weight: 400;\">19:34 Ubezpieczenia emerytalne w Europie<\/span><\/p>\n<p><span style=\"font-weight: 400;\">21:42 Jak wybra\u0107 firm\u0119 ubezpieczeniow\u0105?<\/span><\/p>\n<p>&nbsp;<\/p>\n<p><span style=\"font-weight: 400;\">Filmiki powstaj\u0105 w ramach projektu reSTART, kt\u00f3ry jest wsp\u00f3\u0142finansowany z Programu Krajowego Funduszu\u00a0 Azylu, Migracji i Integracji oraz bud\u017cetu pa\u0144stwa.<\/span><\/p>\n<p>&nbsp;<\/p>\n<p><span style=\"font-weight: 400;\">Wy\u0142\u0105czn\u0105 odpowiedzialno\u015b\u0107 za wyra\u017cone opinie spoczywa na autorze, a Komisja Europejska, Ministerstwo Spraw Wewn\u0119trznych i administracja nie ponosz\u0105 odpowiedzialno\u015bci za wykorzystanie udost\u0119pnionych informacji.<\/span><\/p>\n<p><span style=\"font-weight: 400;\">Korzystne linki:<\/span><\/p>\n<p><span style=\"font-weight: 400;\">Instytut Praw Migrant\u00f3w:<\/span><a href=\"https:\/\/www.youtube.com\/redirect?event=video_description&amp;redir_token=QUFFLUhqbUxJTWJBbm9QTGFLSjBvcUYwWFE1b1RyQ2dyQXxBQ3Jtc0tueGx6dFk1R0ZyUmVndkd2RmloZ01WQVh4ak9lMHlsVjZFcUg2UzFBRDd5dGZqZFhPcDlRNk5tS1NsbDlHcEdPeTFIRWdySEhJNFNXUXZyRER5VHRNU25FU3hpX0FKZm5ibElfYmNyRGxJS3Y3S3JxWQ&amp;q=https%3A%2F%2Fwww.instytutpm.eu\"> <span style=\"font-weight: 400;\">https:\/\/www.instytutpm.eu<\/span><\/a><span style=\"font-weight: 400;\">\u00a0<\/span><\/p>\n<p><span style=\"font-weight: 400;\">YouTube:<\/span><a href=\"https:\/\/www.youtube.com\/channel\/UCS9Afcq5gYybQwMTOvfeGXg\"> <span style=\"font-weight: 400;\">https:\/\/youtube.com\/channel\/UCS9Afcq5&#8230;<\/span><\/a><\/p>\n<p><span style=\"font-weight: 400;\">Facebook:<\/span><a href=\"https:\/\/www.youtube.com\/redirect?event=video_description&amp;redir_token=QUFFLUhqbmZsOG13Z0xTdGhmbWJ3Zm1EUmJrRHFRazk5d3xBQ3Jtc0trenFiaXpKRzdNTXExc0l6d1NJdktmWXlNVjFfdXlGV1JaMEwweVZ3Qk1sSHBlVGdvQ1BTQWtyOEJaMlJOT2ZseFBIRkg5bUozaFB1VTg4U1JUOTIzNUdKcWwzVFMxYndSSTlxZ0JfVWZBaWVvRjF1VQ&amp;q=https%3A%2F%2Fwww.facebook.com%2FInstytutpm\"> <span style=\"font-weight: 400;\">https:\/\/www.facebook.com\/Instytutpm<\/span><\/a><\/p>\n<p><span style=\"font-weight: 400;\">Instagram:<\/span><a href=\"https:\/\/www.youtube.com\/redirect?event=video_description&amp;redir_token=QUFFLUhqbnFDTk1pTElNMEJEaWV6aU5lcnpzaTFHb2Jfd3xBQ3Jtc0tuWm10akFXSlBMNEJ5RF9fQzktZVBMbThJMWJWTlZ1VDEyX1hGUW5iSi1pODl0aTBLMm5kMGhtLVd4YW5EcjhXaHhNcmtxTWNTOTFpNW5aM2NXWHJtVzBUdndwZDBwNUJJZDVFLXhJWmVuQmprLTBwbw&amp;q=https%3A%2F%2Fwww.instagram.com%2Fipm_wroclaw%2F\"> <span style=\"font-weight: 400;\">https:\/\/www.instagram.com\/ipm_wroclaw\/<\/span><\/a><\/p>\n<p><span style=\"font-weight: 400;\">Twitter:<\/span> <a href=\"https:\/\/twitter.com\/Instytutipm\"><span style=\"font-weight: 400;\">https:\/\/twitter.com\/Instytutipm<\/span><\/a><\/p>\n<img loading=\"lazy\" decoding=\"async\" class=\"alignnone size-full wp-image-8114\" src=\"https:\/\/fundacjaukraina.eu\/wp-content\/uploads\/2020\/02\/restart-footer-logos.png\" alt=\"restart\" width=\"6501\" height=\"776\" \/>\n","protected":false},"excerpt":{"rendered":"<p>W si\u00f3dmym\u00a0 filmie na naszym blogu \u201eInForMigrants\u201d we wsp\u00f3\u0142pracy z YouTube \u2013 kana\u0142em \u201e\u017bycie po emigracji\u201d porozmawiamy z doradc\u0105 ubezpieczeniowym we Wroc\u0142awiu\u00a0 &#8211; Vitalijem Timoshenko. InForMigrants &#8211; to cykl filmik\u00f3w informacyjnych przygotowanych przez kana\u0142 \u201c\u017bycie po emigracji&#8221; we wsp\u00f3\u0142pracy z Instytutem Praw Migrant\u00f3w. Wszystko o kwestiach administracyjno-prawnych i sprawach \u017cycia codziennego w Polsce. Wywiady z&#8230;<\/p>\n","protected":false},"author":1,"featured_media":2795,"comment_status":"closed","ping_status":"closed","sticky":false,"template":"","format":"standard","meta":{"_eb_attr":"","inline_featured_image":false,"advgb_blocks_editor_width":"","advgb_blocks_columns_visual_guide":"","footnotes":""},"categories":[65,84],"tags":[75],"class_list":["post-2794","post","type-post","status-publish","format-standard","has-post-thumbnail","hentry","category-restart","category-informigrants","tag-informigrants"],"yoast_head":"<!-- This site is optimized with the Yoast SEO plugin v27.4 - https:\/\/yoast.com\/product\/yoast-seo-wordpress\/ -->\n<title>Ubezpiecz si\u0119 i \u017cyj spokojnie! - Fundacja Ukraina<\/title>\n<meta name=\"robots\" content=\"index, follow, max-snippet:-1, max-image-preview:large, max-video-preview:-1\" \/>\n<link rel=\"canonical\" href=\"https:\/\/fundacjaukraina.eu\/uk\/ubezpiecz-sie-i-zyj-spokojnie\/\" \/>\n<meta property=\"og:locale\" content=\"en_US\" \/>\n<meta property=\"og:type\" content=\"article\" \/>\n<meta property=\"og:title\" content=\"Ubezpiecz si\u0119 i \u017cyj spokojnie! - Fundacja Ukraina\" \/>\n<meta property=\"og:description\" content=\"W si\u00f3dmym\u00a0 filmie na naszym blogu \u201eInForMigrants\u201d we wsp\u00f3\u0142pracy z YouTube \u2013 kana\u0142em \u201e\u017bycie po emigracji\u201d porozmawiamy z doradc\u0105 ubezpieczeniowym we Wroc\u0142awiu\u00a0 &#8211; Vitalijem Timoshenko. InForMigrants &#8211; to cykl filmik\u00f3w informacyjnych przygotowanych przez kana\u0142 \u201c\u017bycie po emigracji&#8221; we wsp\u00f3\u0142pracy z Instytutem Praw Migrant\u00f3w. Wszystko o kwestiach administracyjno-prawnych i sprawach \u017cycia codziennego w Polsce. Wywiady z...\" \/>\n<meta property=\"og:url\" content=\"https:\/\/fundacjaukraina.eu\/uk\/ubezpiecz-sie-i-zyj-spokojnie\/\" \/>\n<meta property=\"og:site_name\" content=\"Fundacja Ukraina\" \/>\n<meta property=\"article:publisher\" content=\"https:\/\/www.facebook.com\/fundacja.ukraina\/\" \/>\n<meta property=\"article:published_time\" content=\"2022-03-04T16:01:55+00:00\" \/>\n<meta property=\"article:modified_time\" content=\"2023-06-20T07:26:45+00:00\" \/>\n<meta property=\"og:image\" content=\"https:\/\/fundacjaukraina.eu\/wp-content\/uploads\/2023\/01\/razvan-chisu-ua-agenjmi4-unsplash-scaled-2.jpg\" \/>\n\t<meta property=\"og:image:width\" content=\"2560\" \/>\n\t<meta property=\"og:image:height\" content=\"1707\" \/>\n\t<meta property=\"og:image:type\" content=\"image\/jpeg\" \/>\n<meta name=\"author\" content=\"fu-admin\" \/>\n<meta name=\"twitter:card\" content=\"summary_large_image\" \/>\n<meta name=\"twitter:label1\" content=\"Written by\" \/>\n\t<meta name=\"twitter:data1\" content=\"fu-admin\" \/>\n\t<meta name=\"twitter:label2\" content=\"Est. reading time\" \/>\n\t<meta name=\"twitter:data2\" content=\"2 minutes\" \/>\n<script type=\"application\/ld+json\" class=\"yoast-schema-graph\">{\"@context\":\"https:\\\/\\\/schema.org\",\"@graph\":[{\"@type\":\"Article\",\"@id\":\"https:\\\/\\\/fundacjaukraina.eu\\\/uk\\\/ubezpiecz-sie-i-zyj-spokojnie\\\/#article\",\"isPartOf\":{\"@id\":\"https:\\\/\\\/fundacjaukraina.eu\\\/uk\\\/ubezpiecz-sie-i-zyj-spokojnie\\\/\"},\"author\":{\"name\":\"fu-admin\",\"@id\":\"https:\\\/\\\/fundacjaukraina.eu\\\/#\\\/schema\\\/person\\\/695dd52aaea89387b9eaa44ca3622e57\"},\"headline\":\"Ubezpiecz si\u0119 i \u017cyj spokojnie!\",\"datePublished\":\"2022-03-04T16:01:55+00:00\",\"dateModified\":\"2023-06-20T07:26:45+00:00\",\"mainEntityOfPage\":{\"@id\":\"https:\\\/\\\/fundacjaukraina.eu\\\/uk\\\/ubezpiecz-sie-i-zyj-spokojnie\\\/\"},\"wordCount\":361,\"publisher\":{\"@id\":\"https:\\\/\\\/fundacjaukraina.eu\\\/#organization\"},\"image\":{\"@id\":\"https:\\\/\\\/fundacjaukraina.eu\\\/uk\\\/ubezpiecz-sie-i-zyj-spokojnie\\\/#primaryimage\"},\"thumbnailUrl\":\"https:\\\/\\\/fundacjaukraina.eu\\\/wp-content\\\/uploads\\\/2023\\\/01\\\/razvan-chisu-ua-agenjmi4-unsplash-scaled-2.jpg\",\"keywords\":[\"informigrants\"],\"articleSection\":[\"ReSTART\",\"Informigrants\"],\"inLanguage\":\"en-US\"},{\"@type\":\"WebPage\",\"@id\":\"https:\\\/\\\/fundacjaukraina.eu\\\/uk\\\/ubezpiecz-sie-i-zyj-spokojnie\\\/\",\"url\":\"https:\\\/\\\/fundacjaukraina.eu\\\/uk\\\/ubezpiecz-sie-i-zyj-spokojnie\\\/\",\"name\":\"Ubezpiecz si\u0119 i \u017cyj spokojnie! - Fundacja Ukraina\",\"isPartOf\":{\"@id\":\"https:\\\/\\\/fundacjaukraina.eu\\\/#website\"},\"primaryImageOfPage\":{\"@id\":\"https:\\\/\\\/fundacjaukraina.eu\\\/uk\\\/ubezpiecz-sie-i-zyj-spokojnie\\\/#primaryimage\"},\"image\":{\"@id\":\"https:\\\/\\\/fundacjaukraina.eu\\\/uk\\\/ubezpiecz-sie-i-zyj-spokojnie\\\/#primaryimage\"},\"thumbnailUrl\":\"https:\\\/\\\/fundacjaukraina.eu\\\/wp-content\\\/uploads\\\/2023\\\/01\\\/razvan-chisu-ua-agenjmi4-unsplash-scaled-2.jpg\",\"datePublished\":\"2022-03-04T16:01:55+00:00\",\"dateModified\":\"2023-06-20T07:26:45+00:00\",\"breadcrumb\":{\"@id\":\"https:\\\/\\\/fundacjaukraina.eu\\\/uk\\\/ubezpiecz-sie-i-zyj-spokojnie\\\/#breadcrumb\"},\"inLanguage\":\"en-US\",\"potentialAction\":[{\"@type\":\"ReadAction\",\"target\":[\"https:\\\/\\\/fundacjaukraina.eu\\\/uk\\\/ubezpiecz-sie-i-zyj-spokojnie\\\/\"]}]},{\"@type\":\"ImageObject\",\"inLanguage\":\"en-US\",\"@id\":\"https:\\\/\\\/fundacjaukraina.eu\\\/uk\\\/ubezpiecz-sie-i-zyj-spokojnie\\\/#primaryimage\",\"url\":\"https:\\\/\\\/fundacjaukraina.eu\\\/wp-content\\\/uploads\\\/2023\\\/01\\\/razvan-chisu-ua-agenjmi4-unsplash-scaled-2.jpg\",\"contentUrl\":\"https:\\\/\\\/fundacjaukraina.eu\\\/wp-content\\\/uploads\\\/2023\\\/01\\\/razvan-chisu-ua-agenjmi4-unsplash-scaled-2.jpg\",\"width\":2560,\"height\":1707,\"caption\":\"M\u0119\u017cczyzna stoi z roz\u0142o\u017conymi r\u0119koma, zwr\u00f3cony w stron\u0119 nieba.\"},{\"@type\":\"BreadcrumbList\",\"@id\":\"https:\\\/\\\/fundacjaukraina.eu\\\/uk\\\/ubezpiecz-sie-i-zyj-spokojnie\\\/#breadcrumb\",\"itemListElement\":[{\"@type\":\"ListItem\",\"position\":1,\"name\":\"Home\",\"item\":\"https:\\\/\\\/fundacjaukraina.eu\\\/en\\\/\"},{\"@type\":\"ListItem\",\"position\":2,\"name\":\"Ubezpiecz si\u0119 i \u017cyj spokojnie!\"}]},{\"@type\":\"WebSite\",\"@id\":\"https:\\\/\\\/fundacjaukraina.eu\\\/#website\",\"url\":\"https:\\\/\\\/fundacjaukraina.eu\\\/\",\"name\":\"Fundacja Ukraina\",\"description\":\"Pracujemy z lud\u017ami i dla ludzi\",\"publisher\":{\"@id\":\"https:\\\/\\\/fundacjaukraina.eu\\\/#organization\"},\"potentialAction\":[{\"@type\":\"SearchAction\",\"target\":{\"@type\":\"EntryPoint\",\"urlTemplate\":\"https:\\\/\\\/fundacjaukraina.eu\\\/?s={search_term_string}\"},\"query-input\":{\"@type\":\"PropertyValueSpecification\",\"valueRequired\":true,\"valueName\":\"search_term_string\"}}],\"inLanguage\":\"en-US\"},{\"@type\":\"Organization\",\"@id\":\"https:\\\/\\\/fundacjaukraina.eu\\\/#organization\",\"name\":\"Fundacja Ukraina\",\"url\":\"https:\\\/\\\/fundacjaukraina.eu\\\/\",\"logo\":{\"@type\":\"ImageObject\",\"inLanguage\":\"en-US\",\"@id\":\"https:\\\/\\\/fundacjaukraina.eu\\\/#\\\/schema\\\/logo\\\/image\\\/\",\"url\":\"https:\\\/\\\/fundacjaukraina.eu\\\/wp-content\\\/uploads\\\/2023\\\/09\\\/fu-main.png\",\"contentUrl\":\"https:\\\/\\\/fundacjaukraina.eu\\\/wp-content\\\/uploads\\\/2023\\\/09\\\/fu-main.png\",\"width\":1200,\"height\":630,\"caption\":\"Fundacja Ukraina\"},\"image\":{\"@id\":\"https:\\\/\\\/fundacjaukraina.eu\\\/#\\\/schema\\\/logo\\\/image\\\/\"},\"sameAs\":[\"https:\\\/\\\/www.facebook.com\\\/fundacja.ukraina\\\/\",\"https:\\\/\\\/www.linkedin.com\\\/company\\\/fundacja-ukraina\"]},{\"@type\":\"Person\",\"@id\":\"https:\\\/\\\/fundacjaukraina.eu\\\/#\\\/schema\\\/person\\\/695dd52aaea89387b9eaa44ca3622e57\",\"name\":\"fu-admin\",\"image\":{\"@type\":\"ImageObject\",\"inLanguage\":\"en-US\",\"@id\":\"https:\\\/\\\/secure.gravatar.com\\\/avatar\\\/51242c9e7cbd8a4a290d3e357f646828e11567e4f3958f79d43b8351b1dda904?s=96&d=mm&r=g\",\"url\":\"https:\\\/\\\/secure.gravatar.com\\\/avatar\\\/51242c9e7cbd8a4a290d3e357f646828e11567e4f3958f79d43b8351b1dda904?s=96&d=mm&r=g\",\"contentUrl\":\"https:\\\/\\\/secure.gravatar.com\\\/avatar\\\/51242c9e7cbd8a4a290d3e357f646828e11567e4f3958f79d43b8351b1dda904?s=96&d=mm&r=g\",\"caption\":\"fu-admin\"},\"sameAs\":[\"https:\\\/\\\/fundacjaukraina.eu\"],\"url\":\"https:\\\/\\\/fundacjaukraina.eu\\\/en\\\/author\\\/fu-admin\\\/\"}]}<\/script>\n<!-- \/ Yoast SEO plugin. -->","yoast_head_json":{"title":"Ubezpiecz si\u0119 i \u017cyj spokojnie! - Fundacja Ukraina","robots":{"index":"index","follow":"follow","max-snippet":"max-snippet:-1","max-image-preview":"max-image-preview:large","max-video-preview":"max-video-preview:-1"},"canonical":"https:\/\/fundacjaukraina.eu\/uk\/ubezpiecz-sie-i-zyj-spokojnie\/","og_locale":"en_US","og_type":"article","og_title":"Ubezpiecz si\u0119 i \u017cyj spokojnie! - Fundacja Ukraina","og_description":"W si\u00f3dmym\u00a0 filmie na naszym blogu \u201eInForMigrants\u201d we wsp\u00f3\u0142pracy z YouTube \u2013 kana\u0142em \u201e\u017bycie po emigracji\u201d porozmawiamy z doradc\u0105 ubezpieczeniowym we Wroc\u0142awiu\u00a0 &#8211; Vitalijem Timoshenko. InForMigrants &#8211; to cykl filmik\u00f3w informacyjnych przygotowanych przez kana\u0142 \u201c\u017bycie po emigracji&#8221; we wsp\u00f3\u0142pracy z Instytutem Praw Migrant\u00f3w. Wszystko o kwestiach administracyjno-prawnych i sprawach \u017cycia codziennego w Polsce. Wywiady z...","og_url":"https:\/\/fundacjaukraina.eu\/uk\/ubezpiecz-sie-i-zyj-spokojnie\/","og_site_name":"Fundacja Ukraina","article_publisher":"https:\/\/www.facebook.com\/fundacja.ukraina\/","article_published_time":"2022-03-04T16:01:55+00:00","article_modified_time":"2023-06-20T07:26:45+00:00","og_image":[{"width":2560,"height":1707,"url":"https:\/\/fundacjaukraina.eu\/wp-content\/uploads\/2023\/01\/razvan-chisu-ua-agenjmi4-unsplash-scaled-2.jpg","type":"image\/jpeg"}],"author":"fu-admin","twitter_card":"summary_large_image","twitter_misc":{"Written by":"fu-admin","Est. reading time":"2 minutes"},"schema":{"@context":"https:\/\/schema.org","@graph":[{"@type":"Article","@id":"https:\/\/fundacjaukraina.eu\/uk\/ubezpiecz-sie-i-zyj-spokojnie\/#article","isPartOf":{"@id":"https:\/\/fundacjaukraina.eu\/uk\/ubezpiecz-sie-i-zyj-spokojnie\/"},"author":{"name":"fu-admin","@id":"https:\/\/fundacjaukraina.eu\/#\/schema\/person\/695dd52aaea89387b9eaa44ca3622e57"},"headline":"Ubezpiecz si\u0119 i \u017cyj spokojnie!","datePublished":"2022-03-04T16:01:55+00:00","dateModified":"2023-06-20T07:26:45+00:00","mainEntityOfPage":{"@id":"https:\/\/fundacjaukraina.eu\/uk\/ubezpiecz-sie-i-zyj-spokojnie\/"},"wordCount":361,"publisher":{"@id":"https:\/\/fundacjaukraina.eu\/#organization"},"image":{"@id":"https:\/\/fundacjaukraina.eu\/uk\/ubezpiecz-sie-i-zyj-spokojnie\/#primaryimage"},"thumbnailUrl":"https:\/\/fundacjaukraina.eu\/wp-content\/uploads\/2023\/01\/razvan-chisu-ua-agenjmi4-unsplash-scaled-2.jpg","keywords":["informigrants"],"articleSection":["ReSTART","Informigrants"],"inLanguage":"en-US"},{"@type":"WebPage","@id":"https:\/\/fundacjaukraina.eu\/uk\/ubezpiecz-sie-i-zyj-spokojnie\/","url":"https:\/\/fundacjaukraina.eu\/uk\/ubezpiecz-sie-i-zyj-spokojnie\/","name":"Ubezpiecz si\u0119 i \u017cyj spokojnie! - Fundacja Ukraina","isPartOf":{"@id":"https:\/\/fundacjaukraina.eu\/#website"},"primaryImageOfPage":{"@id":"https:\/\/fundacjaukraina.eu\/uk\/ubezpiecz-sie-i-zyj-spokojnie\/#primaryimage"},"image":{"@id":"https:\/\/fundacjaukraina.eu\/uk\/ubezpiecz-sie-i-zyj-spokojnie\/#primaryimage"},"thumbnailUrl":"https:\/\/fundacjaukraina.eu\/wp-content\/uploads\/2023\/01\/razvan-chisu-ua-agenjmi4-unsplash-scaled-2.jpg","datePublished":"2022-03-04T16:01:55+00:00","dateModified":"2023-06-20T07:26:45+00:00","breadcrumb":{"@id":"https:\/\/fundacjaukraina.eu\/uk\/ubezpiecz-sie-i-zyj-spokojnie\/#breadcrumb"},"inLanguage":"en-US","potentialAction":[{"@type":"ReadAction","target":["https:\/\/fundacjaukraina.eu\/uk\/ubezpiecz-sie-i-zyj-spokojnie\/"]}]},{"@type":"ImageObject","inLanguage":"en-US","@id":"https:\/\/fundacjaukraina.eu\/uk\/ubezpiecz-sie-i-zyj-spokojnie\/#primaryimage","url":"https:\/\/fundacjaukraina.eu\/wp-content\/uploads\/2023\/01\/razvan-chisu-ua-agenjmi4-unsplash-scaled-2.jpg","contentUrl":"https:\/\/fundacjaukraina.eu\/wp-content\/uploads\/2023\/01\/razvan-chisu-ua-agenjmi4-unsplash-scaled-2.jpg","width":2560,"height":1707,"caption":"M\u0119\u017cczyzna stoi z roz\u0142o\u017conymi r\u0119koma, zwr\u00f3cony w stron\u0119 nieba."},{"@type":"BreadcrumbList","@id":"https:\/\/fundacjaukraina.eu\/uk\/ubezpiecz-sie-i-zyj-spokojnie\/#breadcrumb","itemListElement":[{"@type":"ListItem","position":1,"name":"Home","item":"https:\/\/fundacjaukraina.eu\/en\/"},{"@type":"ListItem","position":2,"name":"Ubezpiecz si\u0119 i \u017cyj spokojnie!"}]},{"@type":"WebSite","@id":"https:\/\/fundacjaukraina.eu\/#website","url":"https:\/\/fundacjaukraina.eu\/","name":"Fundacja Ukraina","description":"Pracujemy z lud\u017ami i dla ludzi","publisher":{"@id":"https:\/\/fundacjaukraina.eu\/#organization"},"potentialAction":[{"@type":"SearchAction","target":{"@type":"EntryPoint","urlTemplate":"https:\/\/fundacjaukraina.eu\/?s={search_term_string}"},"query-input":{"@type":"PropertyValueSpecification","valueRequired":true,"valueName":"search_term_string"}}],"inLanguage":"en-US"},{"@type":"Organization","@id":"https:\/\/fundacjaukraina.eu\/#organization","name":"Fundacja Ukraina","url":"https:\/\/fundacjaukraina.eu\/","logo":{"@type":"ImageObject","inLanguage":"en-US","@id":"https:\/\/fundacjaukraina.eu\/#\/schema\/logo\/image\/","url":"https:\/\/fundacjaukraina.eu\/wp-content\/uploads\/2023\/09\/fu-main.png","contentUrl":"https:\/\/fundacjaukraina.eu\/wp-content\/uploads\/2023\/09\/fu-main.png","width":1200,"height":630,"caption":"Fundacja Ukraina"},"image":{"@id":"https:\/\/fundacjaukraina.eu\/#\/schema\/logo\/image\/"},"sameAs":["https:\/\/www.facebook.com\/fundacja.ukraina\/","https:\/\/www.linkedin.com\/company\/fundacja-ukraina"]},{"@type":"Person","@id":"https:\/\/fundacjaukraina.eu\/#\/schema\/person\/695dd52aaea89387b9eaa44ca3622e57","name":"fu-admin","image":{"@type":"ImageObject","inLanguage":"en-US","@id":"https:\/\/secure.gravatar.com\/avatar\/51242c9e7cbd8a4a290d3e357f646828e11567e4f3958f79d43b8351b1dda904?s=96&d=mm&r=g","url":"https:\/\/secure.gravatar.com\/avatar\/51242c9e7cbd8a4a290d3e357f646828e11567e4f3958f79d43b8351b1dda904?s=96&d=mm&r=g","contentUrl":"https:\/\/secure.gravatar.com\/avatar\/51242c9e7cbd8a4a290d3e357f646828e11567e4f3958f79d43b8351b1dda904?s=96&d=mm&r=g","caption":"fu-admin"},"sameAs":["https:\/\/fundacjaukraina.eu"],"url":"https:\/\/fundacjaukraina.eu\/en\/author\/fu-admin\/"}]}},"author_meta":{"display_name":"fu-admin","author_link":"https:\/\/fundacjaukraina.eu\/en\/author\/fu-admin\/"},"featured_img":"https:\/\/fundacjaukraina.eu\/wp-content\/uploads\/2023\/01\/razvan-chisu-ua-agenjmi4-unsplash-scaled-2-600x400.jpg","coauthors":[],"tax_additional":{"categories":{"linked":["<a href=\"https:\/\/fundacjaukraina.eu\/en\/category\/restart\/\" class=\"advgb-post-tax-term\">ReSTART<\/a>","<a href=\"https:\/\/fundacjaukraina.eu\/en\/category\/informigrants\/\" class=\"advgb-post-tax-term\">Informigrants<\/a>"],"unlinked":["<span class=\"advgb-post-tax-term\">ReSTART<\/span>","<span class=\"advgb-post-tax-term\">Informigrants<\/span>"]},"tags":{"linked":["<a href=\"https:\/\/fundacjaukraina.eu\/en\/category\/informigrants\/\" class=\"advgb-post-tax-term\">informigrants<\/a>"],"unlinked":["<span class=\"advgb-post-tax-term\">informigrants<\/span>"]}},"comment_count":"0","relative_dates":{"created":"Posted 4 years ago","modified":"Updated 3 years ago"},"absolute_dates":{"created":"Posted on 2022-03-04","modified":"Updated on 2023-06-20"},"absolute_dates_time":{"created":"Posted on 2022-03-04 17:01","modified":"Updated on 2023-06-20 09:26"},"featured_img_caption":"","series_order":"","_links":{"self":[{"href":"https:\/\/fundacjaukraina.eu\/en\/wp-json\/wp\/v2\/posts\/2794","targetHints":{"allow":["GET"]}}],"collection":[{"href":"https:\/\/fundacjaukraina.eu\/en\/wp-json\/wp\/v2\/posts"}],"about":[{"href":"https:\/\/fundacjaukraina.eu\/en\/wp-json\/wp\/v2\/types\/post"}],"author":[{"embeddable":true,"href":"https:\/\/fundacjaukraina.eu\/en\/wp-json\/wp\/v2\/users\/1"}],"replies":[{"embeddable":true,"href":"https:\/\/fundacjaukraina.eu\/en\/wp-json\/wp\/v2\/comments?post=2794"}],"version-history":[{"count":1,"href":"https:\/\/fundacjaukraina.eu\/en\/wp-json\/wp\/v2\/posts\/2794\/revisions"}],"predecessor-version":[{"id":3489,"href":"https:\/\/fundacjaukraina.eu\/en\/wp-json\/wp\/v2\/posts\/2794\/revisions\/3489"}],"wp:featuredmedia":[{"embeddable":true,"href":"https:\/\/fundacjaukraina.eu\/en\/wp-json\/wp\/v2\/media\/2795"}],"wp:attachment":[{"href":"https:\/\/fundacjaukraina.eu\/en\/wp-json\/wp\/v2\/media?parent=2794"}],"wp:term":[{"taxonomy":"category","embeddable":true,"href":"https:\/\/fundacjaukraina.eu\/en\/wp-json\/wp\/v2\/categories?post=2794"},{"taxonomy":"post_tag","embeddable":true,"href":"https:\/\/fundacjaukraina.eu\/en\/wp-json\/wp\/v2\/tags?post=2794"}],"curies":[{"name":"wp","href":"https:\/\/api.w.org\/{rel}","templated":true}]}}