{"id":2851,"date":"2022-06-11T14:29:00","date_gmt":"2022-06-11T12:29:00","guid":{"rendered":"https:\/\/fundacjaukraina.eu\/jak-zalozyc-i-rozwinac-biznes-w-polsce-harmonogram-szkolen-polska-moje-miejsce-na-czerwiec\/"},"modified":"2023-01-30T15:01:48","modified_gmt":"2023-01-30T14:01:48","slug":"jak-zalozyc-i-rozwinac-biznes-w-polsce-harmonogram-szkolen-polska-moje-miejsce-na-czerwiec","status":"publish","type":"post","link":"https:\/\/fundacjaukraina.eu\/en\/jak-zalozyc-i-rozwinac-biznes-w-polsce-harmonogram-szkolen-polska-moje-miejsce-na-czerwiec\/","title":{"rendered":"Jak za\u0142o\u017cy\u0107 i rozwin\u0105\u0107 biznes w Polsce. Harmonogram szkole\u0144 \u201ePolska &#8211; moje miejsce\u201d na czerwiec"},"content":{"rendered":"<p><em><strong>W czerwcu 2022 roku w ramach bezp\u0142atnych wydarze\u0144 dla migrant\u00f3w z cyklu \u201ePolska &#8211; moje miejsce\u201d zaprosimy was na szkolenia dotycz\u0105ce wszystkich zasad prowadzenia dzia\u0142alno\u015bci gospodarczej w Polsce. Sprawdzajcie szczeg\u00f3\u0142y w artykule i rejestrujcie si\u0119 na wydarzenia.\u00a0\u00a0<\/strong><\/em><\/p>\n<p>&nbsp;<\/p>\n<h3>Harmonogram szkole\u0144 \u201ePolska \u2013 moje miejsce\u201d na czerwiec:<\/h3>\n<h2>2.06, 15:00 &#8211; Szkolenie &#8220;Zatrudnianie\u00a0 Ukrai\u0144c\u00f3w\u00a0 w\u00a0 wybranych sektorach&#8221;<\/h2>\n<h4>Jakie kwestie zostan\u0105 om\u00f3wione?<\/h4>\n<p>2 czerwca w ramach cyklu szkole\u0144 dla migrant\u00f3w \u201cPolska &#8211; moje miejsce\u201d zapraszamy wszystkich zainteresowanych na szkolenie &#8220;Zatrudnianie\u00a0 Ukrai\u0144c\u00f3w\u00a0 w\u00a0 wybranych sektorach&#8221;, przeznaczone dla os\u00f3b, kt\u00f3re chcieliby pozna\u0107 szczeg\u00f3\u0142y warunk\u00f3w zatrudnienia obywateli Ukrainy w rolnictwie, transportowej\u00a0 lub budowlanej firmie. W szczeg\u00f3lno\u015bci, om\u00f3wimy poni\u017csze pytania:<\/p>\n<ul>\n<li>Zatrudnianie sezonowe w rolnictwie &#8211; czy cudzoziemiec potrzebuje dodatkowych zezwole\u0144, jakie s\u0105 obowi\u0105zki pracodawcy przy zatrudnieniu i jak wygl\u0105daj\u0105 warunki umowy o pomocy przy zbiorach (om\u00f3wienie nadgodzin i stawki minimalnej).<\/li>\n<li>Zatrudnienie w transporcie &#8211; uznawanie uprawnie\u0144 uzyskanych w Ukrainie, czy kierowca zawodowy b\u0119d\u0105cy obywatelem Ukrainy (wychod\u017aca\/migrant ekonomiczny) mo\u017ce wykonywa\u0107 prac\u0119 poza terytorium RP.<\/li>\n<li>Zatrudnienie w sektorze budowlanym &#8211; jakie s\u0105 obowi\u0105zki pracodawcy przy zatrudnianiu cudzoziemca, zg\u0142oszenie przez <a href=\"https:\/\/praca.gov.pl\" target=\"_blank\" rel=\"noopener\">https:\/\/praca.gov.pl<\/a>, umowa w j\u0119zyku zrozumia\u0142ym dla cudzoziemca, konieczno\u015b\u0107 zapewnienia szkolenia bhp w j\u0119zyku zrozumia\u0142ym.<\/li>\n<\/ul>\n<h4>Jak zosta\u0107 uczestnikiem?<\/h4>\n<p>Wymagana jest poprzednia rejestracja pod linkiem: <a href=\"https:\/\/forms.gle\/5TnEiGXW7qXw72VF7\" target=\"_blank\" rel=\"noopener\">https:\/\/forms.gle\/5TnEiGXW7qXw72VF7<\/a>.<\/p>\n<p><strong>UWAGA!<\/strong> Szkolenie prowadzone b\u0119dzie NA \u017bYWO w CUKRze, ul. Ruska 46A\/201 (2 pi\u0119tro, nr 4 na domofonie). Szkolenie odb\u0119dzie si\u0119 w j\u0119zyku polskim z mo\u017cliwo\u015bci\u0105 t\u0142umaczenia na j\u0119zyk ukrai\u0144ski. Prosimy przyj\u015b\u0107 30 minut wcze\u015bniej w celu doko\u0144czenia rejestracji i zaj\u0119cia miejsca na sali. Przy sobie trzeba mie\u0107 paszport oraz dokument potwierdzaj\u0105cy legalno\u015b\u0107 przebywania na terytorium Polski.<\/p>\n<p><em>Serdecznie zapraszamy do zapis\u00f3w, zg\u0142oszenia przyjmowane s\u0105 do godziny 14:00 dnia 2.06 lub do wyczerpania miejsc na sali!<\/em><\/p>\n<hr \/>\n<h2>5.06, 12:00 &#8211; Trening nordic walking<\/h2>\n<h4>Czym b\u0119dziemy si\u0119 zajmowa\u0107?<\/h4>\n<p>5 czerwca w ramach cyklu szkole\u0144 dla migrant\u00f3w \u201cPolska &#8211; moje miejsce\u201d zapraszamy wszystkich ch\u0119tnych na trening nordic walking!. Zaj\u0119cia b\u0119d\u0105 si\u0119 odbywa\u0107 na \u015bwie\u017cym powietrzu, wi\u0119c jest to \u015bwietna okazja by nawi\u0105za\u0107 nowe znajomo\u015bci oraz sp\u0119dzi\u0107 czas z korzy\u015bci\u0105 dla zdrowia!<\/p>\n<p>Nie mamy ogranicze\u0144 co do wieku i kondycji fizycznej. Wystarczy mie\u0107 wygodn\u0105 form\u0119 ubioru, a sprz\u0119t zapewnimy na miejscu.<\/p>\n<p>Nordic walking to sport, kt\u00f3ry anga\u017cuje 90% wszystkich mi\u0119\u015bni ludzkiego cia\u0142a. Ca\u0142e cia\u0142o pracuje, a to wp\u0142ywa pozytywnie na og\u00f3lny stan zdrowia. Poczujecie si\u0119 lepiej ju\u017c po pierwszym zaj\u0119ciu!<\/p>\n<p>Trening b\u0119dzie si\u0119 odbywa\u0142 si\u0119 w formacie grupowym, co pozwala poszerzy\u0107 kr\u0105g znajomych i znale\u017a\u0107 nowych przyjaci\u00f3\u0142 o podobnych zainteresowaniach.<\/p>\n<p>Jak zosta\u0107 uczestnikiem? Wymagana jest wcze\u015bniejsza rejestracja pod linkiem: <a href=\"https:\/\/forms.gle\/isAbK4g8JrVKcgAA6\" target=\"_blank\" rel=\"noopener\">https:\/\/forms.gle\/isAbK4g8JrVKcgAA6<\/a>.<\/p>\n<p><strong>UWAGA!<\/strong> Zaj\u0119cie b\u0119dzie prowadzone w j\u0119zyku ukrai\u0144skim.<\/p>\n<p><em>Serdecznie zapraszamy do zapis\u00f3w, ilo\u015b\u0107 miejsc ograniczona!<\/em><\/p>\n<hr \/>\n<h2>9.06, 15:00 &#8211; \u00a0Szkolenie &#8220;Jak obywatel Ukrainy mo\u017ce za\u0142o\u017cy\u0107 firm\u0119 w Polsce?&#8221;<\/h2>\n<h4>Jakie kwestie zostan\u0105 om\u00f3wione?<\/h4>\n<p>9 czerwca w ramach cyklu szkole\u0144 dla migrant\u00f3w \u201cPolska &#8211; moje miejsce\u201d odb\u0119dzie s\u0119 szkolenie &#8220;Jak obywatel Ukrainy mo\u017ce za\u0142o\u017cy\u0107 firm\u0119 w Polsce?&#8221;,\u00a0 przeznaczone dla os\u00f3b, kt\u00f3re planuj\u0105 otworzy\u0107 firm\u0119 i s\u0105 zainteresowane specyfik\u0105 prowadzenia dzia\u0142alno\u015bci gospodarczej w tym kraju. Na spotkaniu om\u00f3wimy formy prawne prowadzenia dzia\u0142alno\u015bci gospodarczej dost\u0119pne dla Ukrai\u0144c\u00f3w w Polsce, a tak\u017ce porozmawiamy o sposobach rejestracji firmy. W szczeg\u00f3lno\u015bci rozpatrzymy nast\u0119puj\u0105ce tematy:<\/p>\n<ul>\n<li>Sp\u00f3\u0142ki osobowe i ich kr\u00f3tki opis (sp\u00f3\u0142ka jawna, partnerska komandytowa, komandytowo-akcyjna).<\/li>\n<li>Sp\u00f3\u0142ki kapita\u0142owe i ich kr\u00f3tki opis (sp\u00f3\u0142ka z ograniczon\u0105 odpowiedzialno\u015bci\u0105, sp\u00f3\u0142ka akcyjna, prosta sp\u00f3\u0142ka akcyjna).<\/li>\n<li>Inne formy sp\u00f3\u0142ek (sp\u00f3\u0142ka cywilna, sp\u00f3\u0142dzielnia produkcyjna).<\/li>\n<li>Zak\u0142adanie sp\u00f3\u0142ek przez system S24, przez notariusza i wpis do KRS).<\/li>\n<li>Podstawowe obowi\u0105zki podatkowe sp\u00f3\u0142ek<\/li>\n<\/ul>\n<h4>Jak zosta\u0107 uczestnikiem?<\/h4>\n<p>Wymagana jest poprzednia rejestracja pod linkiem: <a href=\"https:\/\/forms.gle\/TcAW9KHewDkn9s9f7\" target=\"_blank\" rel=\"noopener\">https:\/\/forms.gle\/TcAW9KHewDkn9s9f7<\/a>.<\/p>\n<p><strong>UWAGA!<\/strong> Szkolenie prowadzone b\u0119dzie NA \u017bYWO w CUKRze, ul. Ruska 46A\/201 (2 pi\u0119tro, nr 4 na domofonie). Szkolenie odb\u0119dzie si\u0119 w j\u0119zyku ukrai\u0144skim. Prosimy przyj\u015b\u0107 30 minut wcze\u015bniej w celu doko\u0144czenia rejestracji i zaj\u0119cia miejsca na sali. Przy sobie trzeba mie\u0107 paszport oraz dokument potwierdzaj\u0105cy legalno\u015b\u0107 przebywania na terytorium Polski.<\/p>\n<p><em>Serdecznie zapraszamy do zapis\u00f3w, zg\u0142oszenia przyjmowane s\u0105 do godziny 14:00 dnia 9.06 lub do wyczerpania miejsc na sali!<\/em><\/p>\n<hr \/>\n<h2>12.06, 12:00 &#8211; Trening nordic walking<\/h2>\n<h4>Czym b\u0119dziemy si\u0119 zajmowa\u0107?<\/h4>\n<p>12 czerwca w ramach cyklu szkole\u0144 dla migrant\u00f3w \u201cPolska &#8211; moje miejsce\u201d zapraszamy wszystkich ch\u0119tnych na trening nordic walking!. Zaj\u0119cia b\u0119d\u0105 si\u0119 odbywa\u0107 na \u015bwie\u017cym powietrzu, wi\u0119c jest to \u015bwietna okazja by nawi\u0105za\u0107 nowe znajomo\u015bci oraz sp\u0119dzi\u0107 czas z korzy\u015bci\u0105 dla zdrowia!<\/p>\n<p>Nie mamy ogranicze\u0144 co do wieku i kondycji fizycznej. Wystarczy mie\u0107 wygodn\u0105 form\u0119 ubioru, a sprz\u0119t zapewnimy na miejscu.<\/p>\n<p>Nordic walking to sport, kt\u00f3ry anga\u017cuje 90% wszystkich mi\u0119\u015bni ludzkiego cia\u0142a. Ca\u0142e cia\u0142o pracuje, a to wp\u0142ywa pozytywnie na og\u00f3lny stan zdrowia. Poczujecie si\u0119 lepiej ju\u017c po pierwszym zaj\u0119ciu!<\/p>\n<p>Trening b\u0119dzie si\u0119 odbywa\u0142 si\u0119 w formacie grupowym, co pozwala poszerzy\u0107 kr\u0105g znajomych i znale\u017a\u0107 nowych przyjaci\u00f3\u0142 o podobnych zainteresowaniach.<\/p>\n<p>Jak zosta\u0107 uczestnikiem? Wymagana jest wcze\u015bniejsza rejestracja pod linkiem: https:\/\/forms.gle\/VZTfXsPuPW26zsLd8.<\/p>\n<p><strong>UWAGA!<\/strong> Zaj\u0119cie b\u0119dzie prowadzone w j\u0119zyku ukrai\u0144skim.<\/p>\n<p><em>Serdecznie zapraszamy do zapis\u00f3w, ilo\u015b\u0107 miejsc ograniczona!<\/em><\/p>\n<hr \/>\n<h2>23.06, 15:00 &#8211; \u00a0Szkolenie \u201eJak relokowa\u0107 firm\u0119 z Ukrainy do Polski\u201d<\/h2>\n<p>23 czerwca w ramach cyklu szkole\u0144 dla migrant\u00f3w \u201cPolska &#8211; moje miejsce\u201d odb\u0119dzie si\u0119 szkolenie \u201eJak relokowa\u0107 firm\u0119 z Ukrainy do Polski\u201d,\u00a0 przeznaczone dla os\u00f3b, kt\u00f3re maj\u0105 w\u0142asny biznes w Ukrainie lub innym kraju spoza UE i chcieliby prowadzi\u0107 dzia\u0142alno\u015b\u0107 na terenie Polski. Na spotkaniu om\u00f3wimy formy prawne prowadzenia dzia\u0142alno\u015bci gospodarczej w Polsce, a tak\u017ce porozmawiamy o sposobach rejestracji firmy. W szczeg\u00f3lno\u015bci rozpatrzymy nast\u0119puj\u0105ce tematy:<\/p>\n<ul>\n<li>Czy lepiej relokowa\u0107 firm\u0119 z Ukrainy, czy za\u0142o\u017cy\u0107 now\u0105 firm\u0119 w Polsce?<\/li>\n<li>Jaka jest najlepsza forma prawna dla nowej dzia\u0142alno\u015bci w Polsce?<\/li>\n<li>Kt\u00f3re bran\u017ce maj\u0105 najni\u017csze podatki i jakie s\u0105 koszty zatrudnienia pracownik\u00f3w?<\/li>\n<\/ul>\n<p>&nbsp;<\/p>\n<h4>Jak zosta\u0107 uczestnikiem?<\/h4>\n<p>Wymagana jest poprzednia rejestracja pod linkiem: <a href=\"https:\/\/forms.gle\/FV3SriMViwV85Fx5A\" target=\"_blank\" rel=\"noopener\">https:\/\/forms.gle\/FV3SriMViwV85Fx5A<\/a>.<\/p>\n<p><strong>UWAGA!<\/strong> Szkolenie prowadzone b\u0119dzie NA \u017bYWO w CUKRze, ul. Ruska 46A\/201 (2 pi\u0119tro, nr 4 na domofonie). Szkolenie odb\u0119dzie si\u0119 w j\u0119zyku polskim wraz z t\u0142umaczeniem na j\u0119zyk ukrai\u0144ski. Prosimy przyj\u015b\u0107 30 minut wcze\u015bniej w celu doko\u0144czenia rejestracji i zaj\u0119cia miejsca na sali. Przy sobie trzeba mie\u0107 paszport oraz dokument potwierdzaj\u0105cy legalno\u015b\u0107 przebywania na terytorium Polski.<\/p>\n<p><em>Serdecznie zapraszamy do zapis\u00f3w, zg\u0142oszenia przyjmowane s\u0105 do godziny 14:00 dnia 23.06 lub do wyczerpania miejsc na sali!<\/em><\/p>\n<hr \/>\n<h2>26.06, 12:00 &#8211; Trening nordic walking<\/h2>\n<h4>Czym b\u0119dziemy si\u0119 zajmowa\u0107?<\/h4>\n<p>26 czerwca w ramach cyklu szkole\u0144 dla migrant\u00f3w \u201cPolska &#8211; moje miejsce\u201d zapraszamy wszystkich ch\u0119tnych na trening nordic walking!. Zaj\u0119cia b\u0119d\u0105 si\u0119 odbywa\u0107 na \u015bwie\u017cym powietrzu, wi\u0119c jest to \u015bwietna okazja by nawi\u0105za\u0107 nowe znajomo\u015bci oraz sp\u0119dzi\u0107 czas z korzy\u015bci\u0105 dla zdrowia!<\/p>\n<p>Nie mamy ogranicze\u0144 co do wieku i kondycji fizycznej. Wystarczy mie\u0107 wygodn\u0105 form\u0119 ubioru, a sprz\u0119t zapewnimy na miejscu.<\/p>\n<p>Nordic walking to sport, kt\u00f3ry anga\u017cuje 90% wszystkich mi\u0119\u015bni ludzkiego cia\u0142a. Ca\u0142e cia\u0142o pracuje, a to wp\u0142ywa pozytywnie na og\u00f3lny stan zdrowia. Poczujecie si\u0119 lepiej ju\u017c po pierwszym zaj\u0119ciu!<\/p>\n<p>Trening b\u0119dzie si\u0119 odbywa\u0142 si\u0119 w formacie grupowym, co pozwala poszerzy\u0107 kr\u0105g znajomych i znale\u017a\u0107 nowych przyjaci\u00f3\u0142 o podobnych zainteresowaniach.<\/p>\n<p>Jak zosta\u0107 uczestnikiem? Wymagana jest wcze\u015bniejsza rejestracja pod linkiem: https:\/\/forms.gle\/wor6uiEhbjWENy2UA.<\/p>\n<p><strong>UWAGA!<\/strong> Zaj\u0119cie b\u0119dzie prowadzone w j\u0119zyku ukrai\u0144skim.<\/p>\n<p><em>Serdecznie zapraszamy do zapis\u00f3w, ilo\u015b\u0107 miejsc ograniczona!<\/em><\/p>\n<hr \/>\n<h2>30.06, 17:00 &#8211; Warsztat psychologiczny \u201ePraca Twoich marze\u0144\u201d<\/h2>\n<h4>Jakie kwestie zostan\u0105 om\u00f3wione?<\/h4>\n<p>30 czerwca w ramach cyklu bezp\u0142atnych szkole\u0144 dla migrant\u00f3w \u201ePolska &#8211; moje miejsce\u201d odb\u0119dzie si\u0119 spotkanie dla os\u00f3b, kt\u00f3re chcia\u0142yby zmieni\u0107 rodzaj zatrudnienia, zaw\u00f3d lub \u015bcie\u017ck\u0119 kariery; lepiej zrozumie\u0107 siebie i swoje umi\u0119tno\u015bci lub po prostu bardziej \u015bwiadomie prowadzi\u0107 swoje \u017cycie zawodowe. Uczestnicy warsztatu b\u0119d\u0105 mieli okazj\u0119 stworzy\u0107 projekt pracy swoich marze\u0144 i okre\u015bli\u0107 konkretne kroki, aby go zrealizowa\u0107. Z pomoc\u0105 psychologa Wiktorii Raczy\u0144skiej, prowadz\u0105cej warsztatu, okre\u015blisz:<\/p>\n<ul>\n<li>\u015bwiadomo\u015b\u0107 warto\u015bci, kt\u00f3rym chcia\u0142oby si\u0119 po\u015bwi\u0119ci\u0107 swoje \u017cycie zawodowe;<\/li>\n<li>list\u0119 Twoich zdolno\u015bci, umiej\u0119tno\u015bci i wiedzy, kt\u00f3rych by\u0107 mo\u017ce wcze\u015bniej nie zauwa\u017cy\u0142e\u015b, ale kt\u00f3re mo\u017cesz wykorzysta\u0107 w pracy;<\/li>\n<li>\u015bwiadomo\u015b\u0107 swoich mocnych stron;<\/li>\n<li>zrozumienie w\u0142asnych priorytet\u00f3w dotycz\u0105cych wyboru pracy: zesp\u00f3\u0142, wynagrodzenie, specyficzny rodzaj pracy &#8211; jak wa\u017cna jest dla Ciebie ka\u017cda z tych kwestii!<\/li>\n<\/ul>\n<h4>Jak zosta\u0107 uczestnikiem?<\/h4>\n<p>Wymagana jest poprzednia rejestracja pod linkiem: <a href=\"https:\/\/forms.gle\/9AKkKMfnDsMzJChq7\" target=\"_blank\" rel=\"noopener\">https:\/\/forms.gle\/9AKkKMfnDsMzJChq7<\/a>.<\/p>\n<p><strong>UWAGA!<\/strong> Szkolenie prowadzone b\u0119dzie NA \u017bYWO w CUKRze, ul. Ruska 46A\/201 (2 pi\u0119tro, nr 4 na domofonie). Szkolenie odb\u0119dzie si\u0119 w j\u0119zyku ukrai\u0144skim, prosimy przyj\u015b\u0107 30 minut wcze\u015bniej w celu doko\u0144czenia rejestracji i zaj\u0119cia miejsca na sali. Przy sobie trzeba mie\u0107 paszport oraz dokument potwierdzaj\u0105cy legalno\u015b\u0107 przebywania na terytorium Polski.<\/p>\n<p><em>Serdecznie zapraszamy do zapis\u00f3w, zg\u0142oszenia przyjmowane s\u0105 do godziny 14:00 dnia 30.06 lub do wyczerpania miejsc na sali!<\/em><\/p>\n<hr \/>\n<h3>Wa\u017cne szczeg\u00f3\u0142y:<\/h3>\n<ul>\n<li>Wszystkie wydarzenia z cyklu \u201cPolska &#8211; moje miejsce\u201d s\u0105 darmowe!<\/li>\n<li>Na wydarzenia obowi\u0105zuj\u0105 wcze\u015bniejsze zapisy poprzez do\u0142\u0105czone linki. Osoby niezarejestrowane nie mog\u0105 wzi\u0105\u0107 udzia\u0142u w wydarzeniach!<\/li>\n<li>Szkolenia dedykowane s\u0105 obywatelom pa\u0144stw trzecich (pochodz\u0105cych spoza kraj\u00f3w UE).<\/li>\n<\/ul>\n<p>W razie pyta\u0144 dotycz\u0105cych wydarze\u0144, zapraszamy do kontaktu poprzez nasze media spo\u0142eczno\u015bciowe.<\/p>\n<p>&nbsp;<\/p>\n<h3>B\u0105d\u017a w kontakcie z Fundacj\u0105 Ukraina!<\/h3>\n<p>Obserwujcie nas, aby by\u0107 na bie\u017c\u0105co ze wszystkimi projektami i wydarzeniami Fundacji Ukraina!<\/p>\n<p><strong>Facebook:<\/strong> <em><a href=\"https:\/\/www.facebook.com\/CUKR.Wroclaw\/\" target=\"_blank\" rel=\"noopener\">https:\/\/www.facebook.com\/CUKR.Wroclaw\/<\/a> oraz <a href=\"https:\/\/www.facebook.com\/fundacja.ukraina\/\" target=\"_blank\" rel=\"noopener\">https:\/\/www.facebook.com\/fundacja.ukraina\/<\/a><\/em>.<\/p>\n<p><strong>Instagram:<\/strong> <a href=\"https:\/\/www.instagram.com\/cukr.wroclaw\/\" target=\"_blank\" rel=\"noopener\">https:\/\/www.instagram.com\/cukr.wroclaw\/<\/a>.<\/p>\n<p>&#8212;&#8212;&#8212;<\/p>\n<p>Projekt reSTART wsp\u00f3\u0142finansowany jest z Programu Krajowego Funduszu Azylu, Migracji i Integracji oraz bud\u017cetu pa\u0144stwa.<\/p>\n","protected":false},"excerpt":{"rendered":"<p>W czerwcu 2022 roku w ramach bezp\u0142atnych wydarze\u0144 dla migrant\u00f3w z cyklu \u201ePolska &#8211; moje miejsce\u201d zaprosimy was na szkolenia dotycz\u0105ce wszystkich zasad prowadzenia dzia\u0142alno\u015bci gospodarczej w Polsce.<\/p>\n","protected":false},"author":1,"featured_media":2852,"comment_status":"closed","ping_status":"closed","sticky":false,"template":"","format":"standard","meta":{"_eb_attr":"","inline_featured_image":false,"advgb_blocks_editor_width":"","advgb_blocks_columns_visual_guide":"","footnotes":""},"categories":[65],"tags":[],"class_list":["post-2851","post","type-post","status-publish","format-standard","has-post-thumbnail","hentry","category-restart"],"yoast_head":"<!-- This site is optimized with the Yoast SEO plugin v27.4 - https:\/\/yoast.com\/product\/yoast-seo-wordpress\/ -->\n<title>Jak za\u0142o\u017cy\u0107 i rozwin\u0105\u0107 biznes w Polsce. Harmonogram szkole\u0144 \u201ePolska - moje miejsce\u201d na czerwiec - Fundacja Ukraina<\/title>\n<meta name=\"robots\" content=\"index, follow, max-snippet:-1, max-image-preview:large, max-video-preview:-1\" \/>\n<link rel=\"canonical\" href=\"https:\/\/fundacjaukraina.eu\/jak-zalozyc-i-rozwinac-biznes-w-polsce-harmonogram-szkolen-polska-moje-miejsce-na-czerwiec\/\" \/>\n<meta property=\"og:locale\" content=\"en_US\" \/>\n<meta property=\"og:type\" content=\"article\" \/>\n<meta property=\"og:title\" content=\"Jak za\u0142o\u017cy\u0107 i rozwin\u0105\u0107 biznes w Polsce. Harmonogram szkole\u0144 \u201ePolska - moje miejsce\u201d na czerwiec - Fundacja Ukraina\" \/>\n<meta property=\"og:description\" content=\"W czerwcu 2022 roku w ramach bezp\u0142atnych wydarze\u0144 dla migrant\u00f3w z cyklu \u201ePolska - moje miejsce\u201d zaprosimy was na szkolenia dotycz\u0105ce wszystkich zasad prowadzenia dzia\u0142alno\u015bci gospodarczej w Polsce.\" \/>\n<meta property=\"og:url\" content=\"https:\/\/fundacjaukraina.eu\/jak-zalozyc-i-rozwinac-biznes-w-polsce-harmonogram-szkolen-polska-moje-miejsce-na-czerwiec\/\" \/>\n<meta property=\"og:site_name\" content=\"Fundacja Ukraina\" \/>\n<meta property=\"article:publisher\" content=\"https:\/\/www.facebook.com\/fundacja.ukraina\/\" \/>\n<meta property=\"article:published_time\" content=\"2022-06-11T12:29:00+00:00\" \/>\n<meta property=\"article:modified_time\" content=\"2023-01-30T14:01:48+00:00\" \/>\n<meta property=\"og:image\" content=\"https:\/\/fundacjaukraina.eu\/wp-content\/uploads\/2023\/01\/business-polska-1.jpeg\" \/>\n\t<meta property=\"og:image:width\" content=\"1280\" \/>\n\t<meta property=\"og:image:height\" content=\"853\" \/>\n\t<meta property=\"og:image:type\" content=\"image\/jpeg\" \/>\n<meta name=\"author\" content=\"fu-admin\" \/>\n<meta name=\"twitter:card\" content=\"summary_large_image\" \/>\n<meta name=\"twitter:label1\" content=\"Written by\" \/>\n\t<meta name=\"twitter:data1\" content=\"fu-admin\" \/>\n\t<meta name=\"twitter:label2\" content=\"Est. reading time\" \/>\n\t<meta name=\"twitter:data2\" content=\"8 minutes\" \/>\n<script type=\"application\/ld+json\" class=\"yoast-schema-graph\">{\"@context\":\"https:\\\/\\\/schema.org\",\"@graph\":[{\"@type\":\"Article\",\"@id\":\"https:\\\/\\\/fundacjaukraina.eu\\\/jak-zalozyc-i-rozwinac-biznes-w-polsce-harmonogram-szkolen-polska-moje-miejsce-na-czerwiec\\\/#article\",\"isPartOf\":{\"@id\":\"https:\\\/\\\/fundacjaukraina.eu\\\/jak-zalozyc-i-rozwinac-biznes-w-polsce-harmonogram-szkolen-polska-moje-miejsce-na-czerwiec\\\/\"},\"author\":{\"name\":\"fu-admin\",\"@id\":\"https:\\\/\\\/fundacjaukraina.eu\\\/#\\\/schema\\\/person\\\/695dd52aaea89387b9eaa44ca3622e57\"},\"headline\":\"Jak za\u0142o\u017cy\u0107 i rozwin\u0105\u0107 biznes w Polsce. Harmonogram szkole\u0144 \u201ePolska &#8211; moje miejsce\u201d na czerwiec\",\"datePublished\":\"2022-06-11T12:29:00+00:00\",\"dateModified\":\"2023-01-30T14:01:48+00:00\",\"mainEntityOfPage\":{\"@id\":\"https:\\\/\\\/fundacjaukraina.eu\\\/jak-zalozyc-i-rozwinac-biznes-w-polsce-harmonogram-szkolen-polska-moje-miejsce-na-czerwiec\\\/\"},\"wordCount\":1712,\"publisher\":{\"@id\":\"https:\\\/\\\/fundacjaukraina.eu\\\/#organization\"},\"image\":{\"@id\":\"https:\\\/\\\/fundacjaukraina.eu\\\/jak-zalozyc-i-rozwinac-biznes-w-polsce-harmonogram-szkolen-polska-moje-miejsce-na-czerwiec\\\/#primaryimage\"},\"thumbnailUrl\":\"https:\\\/\\\/fundacjaukraina.eu\\\/wp-content\\\/uploads\\\/2023\\\/01\\\/business-polska-1.jpeg\",\"articleSection\":[\"ReSTART\"],\"inLanguage\":\"en-US\"},{\"@type\":\"WebPage\",\"@id\":\"https:\\\/\\\/fundacjaukraina.eu\\\/jak-zalozyc-i-rozwinac-biznes-w-polsce-harmonogram-szkolen-polska-moje-miejsce-na-czerwiec\\\/\",\"url\":\"https:\\\/\\\/fundacjaukraina.eu\\\/jak-zalozyc-i-rozwinac-biznes-w-polsce-harmonogram-szkolen-polska-moje-miejsce-na-czerwiec\\\/\",\"name\":\"Jak za\u0142o\u017cy\u0107 i rozwin\u0105\u0107 biznes w Polsce. Harmonogram szkole\u0144 \u201ePolska - moje miejsce\u201d na czerwiec - Fundacja Ukraina\",\"isPartOf\":{\"@id\":\"https:\\\/\\\/fundacjaukraina.eu\\\/#website\"},\"primaryImageOfPage\":{\"@id\":\"https:\\\/\\\/fundacjaukraina.eu\\\/jak-zalozyc-i-rozwinac-biznes-w-polsce-harmonogram-szkolen-polska-moje-miejsce-na-czerwiec\\\/#primaryimage\"},\"image\":{\"@id\":\"https:\\\/\\\/fundacjaukraina.eu\\\/jak-zalozyc-i-rozwinac-biznes-w-polsce-harmonogram-szkolen-polska-moje-miejsce-na-czerwiec\\\/#primaryimage\"},\"thumbnailUrl\":\"https:\\\/\\\/fundacjaukraina.eu\\\/wp-content\\\/uploads\\\/2023\\\/01\\\/business-polska-1.jpeg\",\"datePublished\":\"2022-06-11T12:29:00+00:00\",\"dateModified\":\"2023-01-30T14:01:48+00:00\",\"breadcrumb\":{\"@id\":\"https:\\\/\\\/fundacjaukraina.eu\\\/jak-zalozyc-i-rozwinac-biznes-w-polsce-harmonogram-szkolen-polska-moje-miejsce-na-czerwiec\\\/#breadcrumb\"},\"inLanguage\":\"en-US\",\"potentialAction\":[{\"@type\":\"ReadAction\",\"target\":[\"https:\\\/\\\/fundacjaukraina.eu\\\/jak-zalozyc-i-rozwinac-biznes-w-polsce-harmonogram-szkolen-polska-moje-miejsce-na-czerwiec\\\/\"]}]},{\"@type\":\"ImageObject\",\"inLanguage\":\"en-US\",\"@id\":\"https:\\\/\\\/fundacjaukraina.eu\\\/jak-zalozyc-i-rozwinac-biznes-w-polsce-harmonogram-szkolen-polska-moje-miejsce-na-czerwiec\\\/#primaryimage\",\"url\":\"https:\\\/\\\/fundacjaukraina.eu\\\/wp-content\\\/uploads\\\/2023\\\/01\\\/business-polska-1.jpeg\",\"contentUrl\":\"https:\\\/\\\/fundacjaukraina.eu\\\/wp-content\\\/uploads\\\/2023\\\/01\\\/business-polska-1.jpeg\",\"width\":1280,\"height\":853,\"caption\":\"Kobieta stoi z za\u0142o\u017conymi r\u0119koma i si\u0119 u\u015bmiecha.\"},{\"@type\":\"BreadcrumbList\",\"@id\":\"https:\\\/\\\/fundacjaukraina.eu\\\/jak-zalozyc-i-rozwinac-biznes-w-polsce-harmonogram-szkolen-polska-moje-miejsce-na-czerwiec\\\/#breadcrumb\",\"itemListElement\":[{\"@type\":\"ListItem\",\"position\":1,\"name\":\"Home\",\"item\":\"https:\\\/\\\/fundacjaukraina.eu\\\/en\\\/\"},{\"@type\":\"ListItem\",\"position\":2,\"name\":\"Jak za\u0142o\u017cy\u0107 i rozwin\u0105\u0107 biznes w Polsce. Harmonogram szkole\u0144 \u201ePolska &#8211; moje miejsce\u201d na czerwiec\"}]},{\"@type\":\"WebSite\",\"@id\":\"https:\\\/\\\/fundacjaukraina.eu\\\/#website\",\"url\":\"https:\\\/\\\/fundacjaukraina.eu\\\/\",\"name\":\"Fundacja Ukraina\",\"description\":\"Pracujemy z lud\u017ami i dla ludzi\",\"publisher\":{\"@id\":\"https:\\\/\\\/fundacjaukraina.eu\\\/#organization\"},\"potentialAction\":[{\"@type\":\"SearchAction\",\"target\":{\"@type\":\"EntryPoint\",\"urlTemplate\":\"https:\\\/\\\/fundacjaukraina.eu\\\/?s={search_term_string}\"},\"query-input\":{\"@type\":\"PropertyValueSpecification\",\"valueRequired\":true,\"valueName\":\"search_term_string\"}}],\"inLanguage\":\"en-US\"},{\"@type\":\"Organization\",\"@id\":\"https:\\\/\\\/fundacjaukraina.eu\\\/#organization\",\"name\":\"Fundacja Ukraina\",\"url\":\"https:\\\/\\\/fundacjaukraina.eu\\\/\",\"logo\":{\"@type\":\"ImageObject\",\"inLanguage\":\"en-US\",\"@id\":\"https:\\\/\\\/fundacjaukraina.eu\\\/#\\\/schema\\\/logo\\\/image\\\/\",\"url\":\"https:\\\/\\\/fundacjaukraina.eu\\\/wp-content\\\/uploads\\\/2023\\\/09\\\/fu-main.png\",\"contentUrl\":\"https:\\\/\\\/fundacjaukraina.eu\\\/wp-content\\\/uploads\\\/2023\\\/09\\\/fu-main.png\",\"width\":1200,\"height\":630,\"caption\":\"Fundacja Ukraina\"},\"image\":{\"@id\":\"https:\\\/\\\/fundacjaukraina.eu\\\/#\\\/schema\\\/logo\\\/image\\\/\"},\"sameAs\":[\"https:\\\/\\\/www.facebook.com\\\/fundacja.ukraina\\\/\",\"https:\\\/\\\/www.linkedin.com\\\/company\\\/fundacja-ukraina\"]},{\"@type\":\"Person\",\"@id\":\"https:\\\/\\\/fundacjaukraina.eu\\\/#\\\/schema\\\/person\\\/695dd52aaea89387b9eaa44ca3622e57\",\"name\":\"fu-admin\",\"image\":{\"@type\":\"ImageObject\",\"inLanguage\":\"en-US\",\"@id\":\"https:\\\/\\\/secure.gravatar.com\\\/avatar\\\/51242c9e7cbd8a4a290d3e357f646828e11567e4f3958f79d43b8351b1dda904?s=96&d=mm&r=g\",\"url\":\"https:\\\/\\\/secure.gravatar.com\\\/avatar\\\/51242c9e7cbd8a4a290d3e357f646828e11567e4f3958f79d43b8351b1dda904?s=96&d=mm&r=g\",\"contentUrl\":\"https:\\\/\\\/secure.gravatar.com\\\/avatar\\\/51242c9e7cbd8a4a290d3e357f646828e11567e4f3958f79d43b8351b1dda904?s=96&d=mm&r=g\",\"caption\":\"fu-admin\"},\"sameAs\":[\"https:\\\/\\\/fundacjaukraina.eu\"],\"url\":\"https:\\\/\\\/fundacjaukraina.eu\\\/en\\\/author\\\/fu-admin\\\/\"}]}<\/script>\n<!-- \/ Yoast SEO plugin. -->","yoast_head_json":{"title":"Jak za\u0142o\u017cy\u0107 i rozwin\u0105\u0107 biznes w Polsce. Harmonogram szkole\u0144 \u201ePolska - moje miejsce\u201d na czerwiec - Fundacja Ukraina","robots":{"index":"index","follow":"follow","max-snippet":"max-snippet:-1","max-image-preview":"max-image-preview:large","max-video-preview":"max-video-preview:-1"},"canonical":"https:\/\/fundacjaukraina.eu\/jak-zalozyc-i-rozwinac-biznes-w-polsce-harmonogram-szkolen-polska-moje-miejsce-na-czerwiec\/","og_locale":"en_US","og_type":"article","og_title":"Jak za\u0142o\u017cy\u0107 i rozwin\u0105\u0107 biznes w Polsce. Harmonogram szkole\u0144 \u201ePolska - moje miejsce\u201d na czerwiec - Fundacja Ukraina","og_description":"W czerwcu 2022 roku w ramach bezp\u0142atnych wydarze\u0144 dla migrant\u00f3w z cyklu \u201ePolska - moje miejsce\u201d zaprosimy was na szkolenia dotycz\u0105ce wszystkich zasad prowadzenia dzia\u0142alno\u015bci gospodarczej w Polsce.","og_url":"https:\/\/fundacjaukraina.eu\/jak-zalozyc-i-rozwinac-biznes-w-polsce-harmonogram-szkolen-polska-moje-miejsce-na-czerwiec\/","og_site_name":"Fundacja Ukraina","article_publisher":"https:\/\/www.facebook.com\/fundacja.ukraina\/","article_published_time":"2022-06-11T12:29:00+00:00","article_modified_time":"2023-01-30T14:01:48+00:00","og_image":[{"width":1280,"height":853,"url":"https:\/\/fundacjaukraina.eu\/wp-content\/uploads\/2023\/01\/business-polska-1.jpeg","type":"image\/jpeg"}],"author":"fu-admin","twitter_card":"summary_large_image","twitter_misc":{"Written by":"fu-admin","Est. reading time":"8 minutes"},"schema":{"@context":"https:\/\/schema.org","@graph":[{"@type":"Article","@id":"https:\/\/fundacjaukraina.eu\/jak-zalozyc-i-rozwinac-biznes-w-polsce-harmonogram-szkolen-polska-moje-miejsce-na-czerwiec\/#article","isPartOf":{"@id":"https:\/\/fundacjaukraina.eu\/jak-zalozyc-i-rozwinac-biznes-w-polsce-harmonogram-szkolen-polska-moje-miejsce-na-czerwiec\/"},"author":{"name":"fu-admin","@id":"https:\/\/fundacjaukraina.eu\/#\/schema\/person\/695dd52aaea89387b9eaa44ca3622e57"},"headline":"Jak za\u0142o\u017cy\u0107 i rozwin\u0105\u0107 biznes w Polsce. Harmonogram szkole\u0144 \u201ePolska &#8211; moje miejsce\u201d na czerwiec","datePublished":"2022-06-11T12:29:00+00:00","dateModified":"2023-01-30T14:01:48+00:00","mainEntityOfPage":{"@id":"https:\/\/fundacjaukraina.eu\/jak-zalozyc-i-rozwinac-biznes-w-polsce-harmonogram-szkolen-polska-moje-miejsce-na-czerwiec\/"},"wordCount":1712,"publisher":{"@id":"https:\/\/fundacjaukraina.eu\/#organization"},"image":{"@id":"https:\/\/fundacjaukraina.eu\/jak-zalozyc-i-rozwinac-biznes-w-polsce-harmonogram-szkolen-polska-moje-miejsce-na-czerwiec\/#primaryimage"},"thumbnailUrl":"https:\/\/fundacjaukraina.eu\/wp-content\/uploads\/2023\/01\/business-polska-1.jpeg","articleSection":["ReSTART"],"inLanguage":"en-US"},{"@type":"WebPage","@id":"https:\/\/fundacjaukraina.eu\/jak-zalozyc-i-rozwinac-biznes-w-polsce-harmonogram-szkolen-polska-moje-miejsce-na-czerwiec\/","url":"https:\/\/fundacjaukraina.eu\/jak-zalozyc-i-rozwinac-biznes-w-polsce-harmonogram-szkolen-polska-moje-miejsce-na-czerwiec\/","name":"Jak za\u0142o\u017cy\u0107 i rozwin\u0105\u0107 biznes w Polsce. Harmonogram szkole\u0144 \u201ePolska - moje miejsce\u201d na czerwiec - Fundacja Ukraina","isPartOf":{"@id":"https:\/\/fundacjaukraina.eu\/#website"},"primaryImageOfPage":{"@id":"https:\/\/fundacjaukraina.eu\/jak-zalozyc-i-rozwinac-biznes-w-polsce-harmonogram-szkolen-polska-moje-miejsce-na-czerwiec\/#primaryimage"},"image":{"@id":"https:\/\/fundacjaukraina.eu\/jak-zalozyc-i-rozwinac-biznes-w-polsce-harmonogram-szkolen-polska-moje-miejsce-na-czerwiec\/#primaryimage"},"thumbnailUrl":"https:\/\/fundacjaukraina.eu\/wp-content\/uploads\/2023\/01\/business-polska-1.jpeg","datePublished":"2022-06-11T12:29:00+00:00","dateModified":"2023-01-30T14:01:48+00:00","breadcrumb":{"@id":"https:\/\/fundacjaukraina.eu\/jak-zalozyc-i-rozwinac-biznes-w-polsce-harmonogram-szkolen-polska-moje-miejsce-na-czerwiec\/#breadcrumb"},"inLanguage":"en-US","potentialAction":[{"@type":"ReadAction","target":["https:\/\/fundacjaukraina.eu\/jak-zalozyc-i-rozwinac-biznes-w-polsce-harmonogram-szkolen-polska-moje-miejsce-na-czerwiec\/"]}]},{"@type":"ImageObject","inLanguage":"en-US","@id":"https:\/\/fundacjaukraina.eu\/jak-zalozyc-i-rozwinac-biznes-w-polsce-harmonogram-szkolen-polska-moje-miejsce-na-czerwiec\/#primaryimage","url":"https:\/\/fundacjaukraina.eu\/wp-content\/uploads\/2023\/01\/business-polska-1.jpeg","contentUrl":"https:\/\/fundacjaukraina.eu\/wp-content\/uploads\/2023\/01\/business-polska-1.jpeg","width":1280,"height":853,"caption":"Kobieta stoi z za\u0142o\u017conymi r\u0119koma i si\u0119 u\u015bmiecha."},{"@type":"BreadcrumbList","@id":"https:\/\/fundacjaukraina.eu\/jak-zalozyc-i-rozwinac-biznes-w-polsce-harmonogram-szkolen-polska-moje-miejsce-na-czerwiec\/#breadcrumb","itemListElement":[{"@type":"ListItem","position":1,"name":"Home","item":"https:\/\/fundacjaukraina.eu\/en\/"},{"@type":"ListItem","position":2,"name":"Jak za\u0142o\u017cy\u0107 i rozwin\u0105\u0107 biznes w Polsce. Harmonogram szkole\u0144 \u201ePolska &#8211; moje miejsce\u201d na czerwiec"}]},{"@type":"WebSite","@id":"https:\/\/fundacjaukraina.eu\/#website","url":"https:\/\/fundacjaukraina.eu\/","name":"Fundacja Ukraina","description":"Pracujemy z lud\u017ami i dla ludzi","publisher":{"@id":"https:\/\/fundacjaukraina.eu\/#organization"},"potentialAction":[{"@type":"SearchAction","target":{"@type":"EntryPoint","urlTemplate":"https:\/\/fundacjaukraina.eu\/?s={search_term_string}"},"query-input":{"@type":"PropertyValueSpecification","valueRequired":true,"valueName":"search_term_string"}}],"inLanguage":"en-US"},{"@type":"Organization","@id":"https:\/\/fundacjaukraina.eu\/#organization","name":"Fundacja Ukraina","url":"https:\/\/fundacjaukraina.eu\/","logo":{"@type":"ImageObject","inLanguage":"en-US","@id":"https:\/\/fundacjaukraina.eu\/#\/schema\/logo\/image\/","url":"https:\/\/fundacjaukraina.eu\/wp-content\/uploads\/2023\/09\/fu-main.png","contentUrl":"https:\/\/fundacjaukraina.eu\/wp-content\/uploads\/2023\/09\/fu-main.png","width":1200,"height":630,"caption":"Fundacja Ukraina"},"image":{"@id":"https:\/\/fundacjaukraina.eu\/#\/schema\/logo\/image\/"},"sameAs":["https:\/\/www.facebook.com\/fundacja.ukraina\/","https:\/\/www.linkedin.com\/company\/fundacja-ukraina"]},{"@type":"Person","@id":"https:\/\/fundacjaukraina.eu\/#\/schema\/person\/695dd52aaea89387b9eaa44ca3622e57","name":"fu-admin","image":{"@type":"ImageObject","inLanguage":"en-US","@id":"https:\/\/secure.gravatar.com\/avatar\/51242c9e7cbd8a4a290d3e357f646828e11567e4f3958f79d43b8351b1dda904?s=96&d=mm&r=g","url":"https:\/\/secure.gravatar.com\/avatar\/51242c9e7cbd8a4a290d3e357f646828e11567e4f3958f79d43b8351b1dda904?s=96&d=mm&r=g","contentUrl":"https:\/\/secure.gravatar.com\/avatar\/51242c9e7cbd8a4a290d3e357f646828e11567e4f3958f79d43b8351b1dda904?s=96&d=mm&r=g","caption":"fu-admin"},"sameAs":["https:\/\/fundacjaukraina.eu"],"url":"https:\/\/fundacjaukraina.eu\/en\/author\/fu-admin\/"}]}},"author_meta":{"display_name":"fu-admin","author_link":"https:\/\/fundacjaukraina.eu\/en\/author\/fu-admin\/"},"featured_img":"https:\/\/fundacjaukraina.eu\/wp-content\/uploads\/2023\/01\/business-polska-1-600x400.jpeg","coauthors":[],"tax_additional":{"categories":{"linked":["<a href=\"https:\/\/fundacjaukraina.eu\/en\/category\/restart\/\" class=\"advgb-post-tax-term\">ReSTART<\/a>"],"unlinked":["<span class=\"advgb-post-tax-term\">ReSTART<\/span>"]}},"comment_count":"0","relative_dates":{"created":"Posted 4 years ago","modified":"Updated 3 years ago"},"absolute_dates":{"created":"Posted on 2022-06-11","modified":"Updated on 2023-01-30"},"absolute_dates_time":{"created":"Posted on 2022-06-11 14:29","modified":"Updated on 2023-01-30 15:01"},"featured_img_caption":"","series_order":"","_links":{"self":[{"href":"https:\/\/fundacjaukraina.eu\/en\/wp-json\/wp\/v2\/posts\/2851","targetHints":{"allow":["GET"]}}],"collection":[{"href":"https:\/\/fundacjaukraina.eu\/en\/wp-json\/wp\/v2\/posts"}],"about":[{"href":"https:\/\/fundacjaukraina.eu\/en\/wp-json\/wp\/v2\/types\/post"}],"author":[{"embeddable":true,"href":"https:\/\/fundacjaukraina.eu\/en\/wp-json\/wp\/v2\/users\/1"}],"replies":[{"embeddable":true,"href":"https:\/\/fundacjaukraina.eu\/en\/wp-json\/wp\/v2\/comments?post=2851"}],"version-history":[{"count":1,"href":"https:\/\/fundacjaukraina.eu\/en\/wp-json\/wp\/v2\/posts\/2851\/revisions"}],"predecessor-version":[{"id":3480,"href":"https:\/\/fundacjaukraina.eu\/en\/wp-json\/wp\/v2\/posts\/2851\/revisions\/3480"}],"wp:featuredmedia":[{"embeddable":true,"href":"https:\/\/fundacjaukraina.eu\/en\/wp-json\/wp\/v2\/media\/2852"}],"wp:attachment":[{"href":"https:\/\/fundacjaukraina.eu\/en\/wp-json\/wp\/v2\/media?parent=2851"}],"wp:term":[{"taxonomy":"category","embeddable":true,"href":"https:\/\/fundacjaukraina.eu\/en\/wp-json\/wp\/v2\/categories?post=2851"},{"taxonomy":"post_tag","embeddable":true,"href":"https:\/\/fundacjaukraina.eu\/en\/wp-json\/wp\/v2\/tags?post=2851"}],"curies":[{"name":"wp","href":"https:\/\/api.w.org\/{rel}","templated":true}]}}