{"id":2926,"date":"2022-11-04T10:58:55","date_gmt":"2022-11-04T09:58:55","guid":{"rendered":"https:\/\/fundacjaukraina.eu\/praca-w-polsce-w-szkolach-dla-pedagogow-i-nie-tylko\/"},"modified":"2023-06-20T09:28:20","modified_gmt":"2023-06-20T07:28:20","slug":"praca-w-polsce-w-szkolach-dla-pedagogow-i-nie-tylko","status":"publish","type":"post","link":"https:\/\/fundacjaukraina.eu\/en\/praca-w-polsce-w-szkolach-dla-pedagogow-i-nie-tylko\/","title":{"rendered":"Praca w Polsce w szko\u0142ach, dla pedagog\u00f3w i nie tylko"},"content":{"rendered":"<p>Do polskich szk\u00f3\u0142 ucz\u0119szcza coraz wi\u0119cej uczni\u00f3w z Ukrainy. Ze wzgl\u0119du na cz\u0119st\u0105 barier\u0119 j\u0119zykow\u0105,&nbsp; zaistnia\u0142a potrzeba (i ch\u0119\u0107) zatrudnienia os\u00f3b pos\u0142uguj\u0105cych si\u0119 biegle j\u0119zykiem ukrai\u0144skim&nbsp; we wroc\u0142awskich szko\u0142ach.<\/p>\n<p>Dyrektorzy szk\u00f3\u0142 poszukuj\u0105 pracownik\u00f3w na stanowiska: nauczyciela i asystenta nauczyciela. Wroc\u0142aw i UNICEF rozpocz\u0119\u0142y akcj\u0119, kt\u00f3ra ma na celu&nbsp; u\u0142atwienie w nawi\u0105zaniu kontaktu mi\u0119dzy potencjalnymi pracownikami (r\u00f3wnie\u017c z Ukrainy) a dyrektorami plac\u00f3wek edukacyjnych.<\/p>\n<p>Uczniowie uchod\u017acy napotykaj\u0105 na r\u00f3\u017cne problemy w szko\u0142ach, m.in. dotycz\u0105ce adaptacji w nowym \u015brodowisku, komunikacji i porozumiewaniu si\u0119 z innymi uczniami, dlatego te\u017c w celu zniwelowania tych problem\u00f3w rozpocz\u0119to rekrutacj\u0119 asystent\u00f3w mi\u0119dzykulturowych do wroc\u0142awskich szk\u00f3\u0142.<\/p>\n<p>Je\u017celi lubisz kontakt z dzie\u0107mi, jeste\u015b osob\u0105 otwart\u0105 i komunikatywn\u0105, mo\u017cesz zostawi\u0107 swoje dane osobowe w bazie pod linkiem: <a href=\"https:\/\/www.wroclaw.pl\/ua\/vchyteli\" target=\"_blank\" rel=\"noopener\">https:\/\/www.wroclaw.pl\/ua\/vchyteli<\/a><\/p>\n<p>Chodzi o osoby, kt\u00f3re chcia\u0142yby pracowa\u0107 w szkole jako asystenci mi\u0119dzykulturowi lub asystenci nauczyciela. W tym celu wystarczy wykona\u0107 kilka prostych krok\u00f3w:<\/p>\n<ul>\n<li>Wype\u0142nij ankiet\u0119 pod linkiem <a href=\"https:\/\/www.wroclaw.pl\/ua\/vchyteli\" target=\"_blank\" rel=\"noopener\">https:\/\/www.wroclaw.pl\/ua\/vchyteli<\/a><\/li>\n<li>Twoje zg\u0142oszenie zostanie przekazane do dyrektor\u00f3w wroc\u0142awskich szk\u00f3\u0142 i plac\u00f3wek o\u015bwiatowych<\/li>\n<li>Je\u015bli kt\u00f3ry\u015b z dyrektor\u00f3w b\u0119dzie zainteresowany Twoim zg\u0142oszeniem, skontaktuje si\u0119 z Tob\u0105, aby zaprosi\u0107 Ci\u0119 na rozmow\u0119 kwalifikacyjn\u0105<\/li>\n<li>Je\u015bli rozmowa si\u0119 powiedzie, rozpoczniesz prac\u0119 we wroc\u0142awskiej szkole<\/li>\n<\/ul>\n<p>Wiedza to pot\u0119ga, wi\u0119c warto dzieli\u0107 si\u0119 ni\u0105.<\/p>\n","protected":false},"excerpt":{"rendered":"<p>Do polskich szk\u00f3\u0142 ucz\u0119szcza coraz wi\u0119cej uczni\u00f3w z Ukrainy. Ze wzgl\u0119du na cz\u0119st\u0105 barier\u0119 j\u0119zykow\u0105,&nbsp; zaistnia\u0142a potrzeba (i ch\u0119\u0107) zatrudnienia os\u00f3b pos\u0142uguj\u0105cych si\u0119 biegle j\u0119zykiem ukrai\u0144skim&nbsp; we wroc\u0142awskich szko\u0142ach. Dyrektorzy szk\u00f3\u0142 poszukuj\u0105 pracownik\u00f3w na stanowiska: nauczyciela i asystenta nauczyciela. Wroc\u0142aw i UNICEF rozpocz\u0119\u0142y akcj\u0119, kt\u00f3ra ma na celu&nbsp; u\u0142atwienie w nawi\u0105zaniu kontaktu mi\u0119dzy potencjalnymi pracownikami&#8230;<\/p>\n","protected":false},"author":1,"featured_media":2927,"comment_status":"closed","ping_status":"closed","sticky":false,"template":"","format":"standard","meta":{"_eb_attr":"","inline_featured_image":false,"advgb_blocks_editor_width":"","advgb_blocks_columns_visual_guide":"","footnotes":""},"categories":[65,85],"tags":[80],"class_list":["post-2926","post","type-post","status-publish","format-standard","has-post-thumbnail","hentry","category-restart","category-pracujinfo","tag-pracuj-info"],"yoast_head":"<!-- This site is optimized with the Yoast SEO plugin v27.4 - https:\/\/yoast.com\/product\/yoast-seo-wordpress\/ -->\n<title>Praca w Polsce w szko\u0142ach, dla pedagog\u00f3w i nie tylko - Fundacja Ukraina<\/title>\n<meta name=\"robots\" content=\"index, follow, max-snippet:-1, max-image-preview:large, max-video-preview:-1\" \/>\n<link rel=\"canonical\" href=\"https:\/\/fundacjaukraina.eu\/praca-w-polsce-w-szkolach-dla-pedagogow-i-nie-tylko\/\" \/>\n<meta property=\"og:locale\" content=\"en_US\" \/>\n<meta property=\"og:type\" content=\"article\" \/>\n<meta property=\"og:title\" content=\"Praca w Polsce w szko\u0142ach, dla pedagog\u00f3w i nie tylko - Fundacja Ukraina\" \/>\n<meta property=\"og:description\" content=\"Do polskich szk\u00f3\u0142 ucz\u0119szcza coraz wi\u0119cej uczni\u00f3w z Ukrainy. Ze wzgl\u0119du na cz\u0119st\u0105 barier\u0119 j\u0119zykow\u0105,&nbsp; zaistnia\u0142a potrzeba (i ch\u0119\u0107) zatrudnienia os\u00f3b pos\u0142uguj\u0105cych si\u0119 biegle j\u0119zykiem ukrai\u0144skim&nbsp; we wroc\u0142awskich szko\u0142ach. Dyrektorzy szk\u00f3\u0142 poszukuj\u0105 pracownik\u00f3w na stanowiska: nauczyciela i asystenta nauczyciela. Wroc\u0142aw i UNICEF rozpocz\u0119\u0142y akcj\u0119, kt\u00f3ra ma na celu&nbsp; u\u0142atwienie w nawi\u0105zaniu kontaktu mi\u0119dzy potencjalnymi pracownikami...\" \/>\n<meta property=\"og:url\" content=\"https:\/\/fundacjaukraina.eu\/praca-w-polsce-w-szkolach-dla-pedagogow-i-nie-tylko\/\" \/>\n<meta property=\"og:site_name\" content=\"Fundacja Ukraina\" \/>\n<meta property=\"article:publisher\" content=\"https:\/\/www.facebook.com\/fundacja.ukraina\/\" \/>\n<meta property=\"article:published_time\" content=\"2022-11-04T09:58:55+00:00\" \/>\n<meta property=\"article:modified_time\" content=\"2023-06-20T07:28:20+00:00\" \/>\n<meta property=\"og:image\" content=\"https:\/\/fundacjaukraina.eu\/wp-content\/uploads\/2023\/01\/praca-w-szkole-1.jpg\" \/>\n\t<meta property=\"og:image:width\" content=\"1600\" \/>\n\t<meta property=\"og:image:height\" content=\"650\" \/>\n\t<meta property=\"og:image:type\" content=\"image\/jpeg\" \/>\n<meta name=\"author\" content=\"fu-admin\" \/>\n<meta name=\"twitter:card\" content=\"summary_large_image\" \/>\n<meta name=\"twitter:label1\" content=\"Written by\" \/>\n\t<meta name=\"twitter:data1\" content=\"fu-admin\" \/>\n\t<meta name=\"twitter:label2\" content=\"Est. reading time\" \/>\n\t<meta name=\"twitter:data2\" content=\"1 minute\" \/>\n<script type=\"application\/ld+json\" class=\"yoast-schema-graph\">{\"@context\":\"https:\\\/\\\/schema.org\",\"@graph\":[{\"@type\":\"Article\",\"@id\":\"https:\\\/\\\/fundacjaukraina.eu\\\/praca-w-polsce-w-szkolach-dla-pedagogow-i-nie-tylko\\\/#article\",\"isPartOf\":{\"@id\":\"https:\\\/\\\/fundacjaukraina.eu\\\/praca-w-polsce-w-szkolach-dla-pedagogow-i-nie-tylko\\\/\"},\"author\":{\"name\":\"fu-admin\",\"@id\":\"https:\\\/\\\/fundacjaukraina.eu\\\/#\\\/schema\\\/person\\\/695dd52aaea89387b9eaa44ca3622e57\"},\"headline\":\"Praca w Polsce w szko\u0142ach, dla pedagog\u00f3w i nie tylko\",\"datePublished\":\"2022-11-04T09:58:55+00:00\",\"dateModified\":\"2023-06-20T07:28:20+00:00\",\"mainEntityOfPage\":{\"@id\":\"https:\\\/\\\/fundacjaukraina.eu\\\/praca-w-polsce-w-szkolach-dla-pedagogow-i-nie-tylko\\\/\"},\"wordCount\":270,\"publisher\":{\"@id\":\"https:\\\/\\\/fundacjaukraina.eu\\\/#organization\"},\"image\":{\"@id\":\"https:\\\/\\\/fundacjaukraina.eu\\\/praca-w-polsce-w-szkolach-dla-pedagogow-i-nie-tylko\\\/#primaryimage\"},\"thumbnailUrl\":\"https:\\\/\\\/fundacjaukraina.eu\\\/wp-content\\\/uploads\\\/2023\\\/01\\\/praca-w-szkole-1.jpg\",\"keywords\":[\"pracujinfo\"],\"articleSection\":[\"ReSTART\",\"Pracujinfo\"],\"inLanguage\":\"en-US\"},{\"@type\":\"WebPage\",\"@id\":\"https:\\\/\\\/fundacjaukraina.eu\\\/praca-w-polsce-w-szkolach-dla-pedagogow-i-nie-tylko\\\/\",\"url\":\"https:\\\/\\\/fundacjaukraina.eu\\\/praca-w-polsce-w-szkolach-dla-pedagogow-i-nie-tylko\\\/\",\"name\":\"Praca w Polsce w szko\u0142ach, dla pedagog\u00f3w i nie tylko - Fundacja Ukraina\",\"isPartOf\":{\"@id\":\"https:\\\/\\\/fundacjaukraina.eu\\\/#website\"},\"primaryImageOfPage\":{\"@id\":\"https:\\\/\\\/fundacjaukraina.eu\\\/praca-w-polsce-w-szkolach-dla-pedagogow-i-nie-tylko\\\/#primaryimage\"},\"image\":{\"@id\":\"https:\\\/\\\/fundacjaukraina.eu\\\/praca-w-polsce-w-szkolach-dla-pedagogow-i-nie-tylko\\\/#primaryimage\"},\"thumbnailUrl\":\"https:\\\/\\\/fundacjaukraina.eu\\\/wp-content\\\/uploads\\\/2023\\\/01\\\/praca-w-szkole-1.jpg\",\"datePublished\":\"2022-11-04T09:58:55+00:00\",\"dateModified\":\"2023-06-20T07:28:20+00:00\",\"breadcrumb\":{\"@id\":\"https:\\\/\\\/fundacjaukraina.eu\\\/praca-w-polsce-w-szkolach-dla-pedagogow-i-nie-tylko\\\/#breadcrumb\"},\"inLanguage\":\"en-US\",\"potentialAction\":[{\"@type\":\"ReadAction\",\"target\":[\"https:\\\/\\\/fundacjaukraina.eu\\\/praca-w-polsce-w-szkolach-dla-pedagogow-i-nie-tylko\\\/\"]}]},{\"@type\":\"ImageObject\",\"inLanguage\":\"en-US\",\"@id\":\"https:\\\/\\\/fundacjaukraina.eu\\\/praca-w-polsce-w-szkolach-dla-pedagogow-i-nie-tylko\\\/#primaryimage\",\"url\":\"https:\\\/\\\/fundacjaukraina.eu\\\/wp-content\\\/uploads\\\/2023\\\/01\\\/praca-w-szkole-1.jpg\",\"contentUrl\":\"https:\\\/\\\/fundacjaukraina.eu\\\/wp-content\\\/uploads\\\/2023\\\/01\\\/praca-w-szkole-1.jpg\",\"width\":1600,\"height\":650,\"caption\":\"Na tablicy widniej\u0105 obliczenia.\"},{\"@type\":\"BreadcrumbList\",\"@id\":\"https:\\\/\\\/fundacjaukraina.eu\\\/praca-w-polsce-w-szkolach-dla-pedagogow-i-nie-tylko\\\/#breadcrumb\",\"itemListElement\":[{\"@type\":\"ListItem\",\"position\":1,\"name\":\"Home\",\"item\":\"https:\\\/\\\/fundacjaukraina.eu\\\/en\\\/\"},{\"@type\":\"ListItem\",\"position\":2,\"name\":\"Praca w Polsce w szko\u0142ach, dla pedagog\u00f3w i nie tylko\"}]},{\"@type\":\"WebSite\",\"@id\":\"https:\\\/\\\/fundacjaukraina.eu\\\/#website\",\"url\":\"https:\\\/\\\/fundacjaukraina.eu\\\/\",\"name\":\"Fundacja Ukraina\",\"description\":\"Pracujemy z lud\u017ami i dla ludzi\",\"publisher\":{\"@id\":\"https:\\\/\\\/fundacjaukraina.eu\\\/#organization\"},\"potentialAction\":[{\"@type\":\"SearchAction\",\"target\":{\"@type\":\"EntryPoint\",\"urlTemplate\":\"https:\\\/\\\/fundacjaukraina.eu\\\/?s={search_term_string}\"},\"query-input\":{\"@type\":\"PropertyValueSpecification\",\"valueRequired\":true,\"valueName\":\"search_term_string\"}}],\"inLanguage\":\"en-US\"},{\"@type\":\"Organization\",\"@id\":\"https:\\\/\\\/fundacjaukraina.eu\\\/#organization\",\"name\":\"Fundacja Ukraina\",\"url\":\"https:\\\/\\\/fundacjaukraina.eu\\\/\",\"logo\":{\"@type\":\"ImageObject\",\"inLanguage\":\"en-US\",\"@id\":\"https:\\\/\\\/fundacjaukraina.eu\\\/#\\\/schema\\\/logo\\\/image\\\/\",\"url\":\"https:\\\/\\\/fundacjaukraina.eu\\\/wp-content\\\/uploads\\\/2023\\\/09\\\/fu-main.png\",\"contentUrl\":\"https:\\\/\\\/fundacjaukraina.eu\\\/wp-content\\\/uploads\\\/2023\\\/09\\\/fu-main.png\",\"width\":1200,\"height\":630,\"caption\":\"Fundacja Ukraina\"},\"image\":{\"@id\":\"https:\\\/\\\/fundacjaukraina.eu\\\/#\\\/schema\\\/logo\\\/image\\\/\"},\"sameAs\":[\"https:\\\/\\\/www.facebook.com\\\/fundacja.ukraina\\\/\",\"https:\\\/\\\/www.linkedin.com\\\/company\\\/fundacja-ukraina\"]},{\"@type\":\"Person\",\"@id\":\"https:\\\/\\\/fundacjaukraina.eu\\\/#\\\/schema\\\/person\\\/695dd52aaea89387b9eaa44ca3622e57\",\"name\":\"fu-admin\",\"image\":{\"@type\":\"ImageObject\",\"inLanguage\":\"en-US\",\"@id\":\"https:\\\/\\\/secure.gravatar.com\\\/avatar\\\/51242c9e7cbd8a4a290d3e357f646828e11567e4f3958f79d43b8351b1dda904?s=96&d=mm&r=g\",\"url\":\"https:\\\/\\\/secure.gravatar.com\\\/avatar\\\/51242c9e7cbd8a4a290d3e357f646828e11567e4f3958f79d43b8351b1dda904?s=96&d=mm&r=g\",\"contentUrl\":\"https:\\\/\\\/secure.gravatar.com\\\/avatar\\\/51242c9e7cbd8a4a290d3e357f646828e11567e4f3958f79d43b8351b1dda904?s=96&d=mm&r=g\",\"caption\":\"fu-admin\"},\"sameAs\":[\"https:\\\/\\\/fundacjaukraina.eu\"],\"url\":\"https:\\\/\\\/fundacjaukraina.eu\\\/en\\\/author\\\/fu-admin\\\/\"}]}<\/script>\n<!-- \/ Yoast SEO plugin. -->","yoast_head_json":{"title":"Praca w Polsce w szko\u0142ach, dla pedagog\u00f3w i nie tylko - Fundacja Ukraina","robots":{"index":"index","follow":"follow","max-snippet":"max-snippet:-1","max-image-preview":"max-image-preview:large","max-video-preview":"max-video-preview:-1"},"canonical":"https:\/\/fundacjaukraina.eu\/praca-w-polsce-w-szkolach-dla-pedagogow-i-nie-tylko\/","og_locale":"en_US","og_type":"article","og_title":"Praca w Polsce w szko\u0142ach, dla pedagog\u00f3w i nie tylko - Fundacja Ukraina","og_description":"Do polskich szk\u00f3\u0142 ucz\u0119szcza coraz wi\u0119cej uczni\u00f3w z Ukrainy. Ze wzgl\u0119du na cz\u0119st\u0105 barier\u0119 j\u0119zykow\u0105,&nbsp; zaistnia\u0142a potrzeba (i ch\u0119\u0107) zatrudnienia os\u00f3b pos\u0142uguj\u0105cych si\u0119 biegle j\u0119zykiem ukrai\u0144skim&nbsp; we wroc\u0142awskich szko\u0142ach. Dyrektorzy szk\u00f3\u0142 poszukuj\u0105 pracownik\u00f3w na stanowiska: nauczyciela i asystenta nauczyciela. Wroc\u0142aw i UNICEF rozpocz\u0119\u0142y akcj\u0119, kt\u00f3ra ma na celu&nbsp; u\u0142atwienie w nawi\u0105zaniu kontaktu mi\u0119dzy potencjalnymi pracownikami...","og_url":"https:\/\/fundacjaukraina.eu\/praca-w-polsce-w-szkolach-dla-pedagogow-i-nie-tylko\/","og_site_name":"Fundacja Ukraina","article_publisher":"https:\/\/www.facebook.com\/fundacja.ukraina\/","article_published_time":"2022-11-04T09:58:55+00:00","article_modified_time":"2023-06-20T07:28:20+00:00","og_image":[{"width":1600,"height":650,"url":"https:\/\/fundacjaukraina.eu\/wp-content\/uploads\/2023\/01\/praca-w-szkole-1.jpg","type":"image\/jpeg"}],"author":"fu-admin","twitter_card":"summary_large_image","twitter_misc":{"Written by":"fu-admin","Est. reading time":"1 minute"},"schema":{"@context":"https:\/\/schema.org","@graph":[{"@type":"Article","@id":"https:\/\/fundacjaukraina.eu\/praca-w-polsce-w-szkolach-dla-pedagogow-i-nie-tylko\/#article","isPartOf":{"@id":"https:\/\/fundacjaukraina.eu\/praca-w-polsce-w-szkolach-dla-pedagogow-i-nie-tylko\/"},"author":{"name":"fu-admin","@id":"https:\/\/fundacjaukraina.eu\/#\/schema\/person\/695dd52aaea89387b9eaa44ca3622e57"},"headline":"Praca w Polsce w szko\u0142ach, dla pedagog\u00f3w i nie tylko","datePublished":"2022-11-04T09:58:55+00:00","dateModified":"2023-06-20T07:28:20+00:00","mainEntityOfPage":{"@id":"https:\/\/fundacjaukraina.eu\/praca-w-polsce-w-szkolach-dla-pedagogow-i-nie-tylko\/"},"wordCount":270,"publisher":{"@id":"https:\/\/fundacjaukraina.eu\/#organization"},"image":{"@id":"https:\/\/fundacjaukraina.eu\/praca-w-polsce-w-szkolach-dla-pedagogow-i-nie-tylko\/#primaryimage"},"thumbnailUrl":"https:\/\/fundacjaukraina.eu\/wp-content\/uploads\/2023\/01\/praca-w-szkole-1.jpg","keywords":["pracujinfo"],"articleSection":["ReSTART","Pracujinfo"],"inLanguage":"en-US"},{"@type":"WebPage","@id":"https:\/\/fundacjaukraina.eu\/praca-w-polsce-w-szkolach-dla-pedagogow-i-nie-tylko\/","url":"https:\/\/fundacjaukraina.eu\/praca-w-polsce-w-szkolach-dla-pedagogow-i-nie-tylko\/","name":"Praca w Polsce w szko\u0142ach, dla pedagog\u00f3w i nie tylko - Fundacja Ukraina","isPartOf":{"@id":"https:\/\/fundacjaukraina.eu\/#website"},"primaryImageOfPage":{"@id":"https:\/\/fundacjaukraina.eu\/praca-w-polsce-w-szkolach-dla-pedagogow-i-nie-tylko\/#primaryimage"},"image":{"@id":"https:\/\/fundacjaukraina.eu\/praca-w-polsce-w-szkolach-dla-pedagogow-i-nie-tylko\/#primaryimage"},"thumbnailUrl":"https:\/\/fundacjaukraina.eu\/wp-content\/uploads\/2023\/01\/praca-w-szkole-1.jpg","datePublished":"2022-11-04T09:58:55+00:00","dateModified":"2023-06-20T07:28:20+00:00","breadcrumb":{"@id":"https:\/\/fundacjaukraina.eu\/praca-w-polsce-w-szkolach-dla-pedagogow-i-nie-tylko\/#breadcrumb"},"inLanguage":"en-US","potentialAction":[{"@type":"ReadAction","target":["https:\/\/fundacjaukraina.eu\/praca-w-polsce-w-szkolach-dla-pedagogow-i-nie-tylko\/"]}]},{"@type":"ImageObject","inLanguage":"en-US","@id":"https:\/\/fundacjaukraina.eu\/praca-w-polsce-w-szkolach-dla-pedagogow-i-nie-tylko\/#primaryimage","url":"https:\/\/fundacjaukraina.eu\/wp-content\/uploads\/2023\/01\/praca-w-szkole-1.jpg","contentUrl":"https:\/\/fundacjaukraina.eu\/wp-content\/uploads\/2023\/01\/praca-w-szkole-1.jpg","width":1600,"height":650,"caption":"Na tablicy widniej\u0105 obliczenia."},{"@type":"BreadcrumbList","@id":"https:\/\/fundacjaukraina.eu\/praca-w-polsce-w-szkolach-dla-pedagogow-i-nie-tylko\/#breadcrumb","itemListElement":[{"@type":"ListItem","position":1,"name":"Home","item":"https:\/\/fundacjaukraina.eu\/en\/"},{"@type":"ListItem","position":2,"name":"Praca w Polsce w szko\u0142ach, dla pedagog\u00f3w i nie tylko"}]},{"@type":"WebSite","@id":"https:\/\/fundacjaukraina.eu\/#website","url":"https:\/\/fundacjaukraina.eu\/","name":"Fundacja Ukraina","description":"Pracujemy z lud\u017ami i dla ludzi","publisher":{"@id":"https:\/\/fundacjaukraina.eu\/#organization"},"potentialAction":[{"@type":"SearchAction","target":{"@type":"EntryPoint","urlTemplate":"https:\/\/fundacjaukraina.eu\/?s={search_term_string}"},"query-input":{"@type":"PropertyValueSpecification","valueRequired":true,"valueName":"search_term_string"}}],"inLanguage":"en-US"},{"@type":"Organization","@id":"https:\/\/fundacjaukraina.eu\/#organization","name":"Fundacja Ukraina","url":"https:\/\/fundacjaukraina.eu\/","logo":{"@type":"ImageObject","inLanguage":"en-US","@id":"https:\/\/fundacjaukraina.eu\/#\/schema\/logo\/image\/","url":"https:\/\/fundacjaukraina.eu\/wp-content\/uploads\/2023\/09\/fu-main.png","contentUrl":"https:\/\/fundacjaukraina.eu\/wp-content\/uploads\/2023\/09\/fu-main.png","width":1200,"height":630,"caption":"Fundacja Ukraina"},"image":{"@id":"https:\/\/fundacjaukraina.eu\/#\/schema\/logo\/image\/"},"sameAs":["https:\/\/www.facebook.com\/fundacja.ukraina\/","https:\/\/www.linkedin.com\/company\/fundacja-ukraina"]},{"@type":"Person","@id":"https:\/\/fundacjaukraina.eu\/#\/schema\/person\/695dd52aaea89387b9eaa44ca3622e57","name":"fu-admin","image":{"@type":"ImageObject","inLanguage":"en-US","@id":"https:\/\/secure.gravatar.com\/avatar\/51242c9e7cbd8a4a290d3e357f646828e11567e4f3958f79d43b8351b1dda904?s=96&d=mm&r=g","url":"https:\/\/secure.gravatar.com\/avatar\/51242c9e7cbd8a4a290d3e357f646828e11567e4f3958f79d43b8351b1dda904?s=96&d=mm&r=g","contentUrl":"https:\/\/secure.gravatar.com\/avatar\/51242c9e7cbd8a4a290d3e357f646828e11567e4f3958f79d43b8351b1dda904?s=96&d=mm&r=g","caption":"fu-admin"},"sameAs":["https:\/\/fundacjaukraina.eu"],"url":"https:\/\/fundacjaukraina.eu\/en\/author\/fu-admin\/"}]}},"author_meta":{"display_name":"fu-admin","author_link":"https:\/\/fundacjaukraina.eu\/en\/author\/fu-admin\/"},"featured_img":"https:\/\/fundacjaukraina.eu\/wp-content\/uploads\/2023\/01\/praca-w-szkole-1-600x244.jpg","coauthors":[],"tax_additional":{"categories":{"linked":["<a href=\"https:\/\/fundacjaukraina.eu\/en\/category\/restart\/\" class=\"advgb-post-tax-term\">ReSTART<\/a>","<a href=\"https:\/\/fundacjaukraina.eu\/en\/category\/pracujinfo\/\" class=\"advgb-post-tax-term\">Pracujinfo<\/a>"],"unlinked":["<span class=\"advgb-post-tax-term\">ReSTART<\/span>","<span class=\"advgb-post-tax-term\">Pracujinfo<\/span>"]},"tags":{"linked":["<a href=\"https:\/\/fundacjaukraina.eu\/en\/category\/pracujinfo\/\" class=\"advgb-post-tax-term\">pracujinfo<\/a>"],"unlinked":["<span class=\"advgb-post-tax-term\">pracujinfo<\/span>"]}},"comment_count":"0","relative_dates":{"created":"Posted 3 years ago","modified":"Updated 3 years ago"},"absolute_dates":{"created":"Posted on 2022-11-04","modified":"Updated on 2023-06-20"},"absolute_dates_time":{"created":"Posted on 2022-11-04 10:58","modified":"Updated on 2023-06-20 09:28"},"featured_img_caption":"","series_order":"","_links":{"self":[{"href":"https:\/\/fundacjaukraina.eu\/en\/wp-json\/wp\/v2\/posts\/2926","targetHints":{"allow":["GET"]}}],"collection":[{"href":"https:\/\/fundacjaukraina.eu\/en\/wp-json\/wp\/v2\/posts"}],"about":[{"href":"https:\/\/fundacjaukraina.eu\/en\/wp-json\/wp\/v2\/types\/post"}],"author":[{"embeddable":true,"href":"https:\/\/fundacjaukraina.eu\/en\/wp-json\/wp\/v2\/users\/1"}],"replies":[{"embeddable":true,"href":"https:\/\/fundacjaukraina.eu\/en\/wp-json\/wp\/v2\/comments?post=2926"}],"version-history":[{"count":2,"href":"https:\/\/fundacjaukraina.eu\/en\/wp-json\/wp\/v2\/posts\/2926\/revisions"}],"predecessor-version":[{"id":3630,"href":"https:\/\/fundacjaukraina.eu\/en\/wp-json\/wp\/v2\/posts\/2926\/revisions\/3630"}],"wp:featuredmedia":[{"embeddable":true,"href":"https:\/\/fundacjaukraina.eu\/en\/wp-json\/wp\/v2\/media\/2927"}],"wp:attachment":[{"href":"https:\/\/fundacjaukraina.eu\/en\/wp-json\/wp\/v2\/media?parent=2926"}],"wp:term":[{"taxonomy":"category","embeddable":true,"href":"https:\/\/fundacjaukraina.eu\/en\/wp-json\/wp\/v2\/categories?post=2926"},{"taxonomy":"post_tag","embeddable":true,"href":"https:\/\/fundacjaukraina.eu\/en\/wp-json\/wp\/v2\/tags?post=2926"}],"curies":[{"name":"wp","href":"https:\/\/api.w.org\/{rel}","templated":true}]}}