{"id":2992,"date":"2023-01-01T14:04:56","date_gmt":"2023-01-01T13:04:56","guid":{"rendered":"https:\/\/fundacjaukraina.eu\/nocna-i-swiateczna-opieka-zdrowotna\/"},"modified":"2023-06-20T09:26:45","modified_gmt":"2023-06-20T07:26:45","slug":"nocna-i-swiateczna-opieka-zdrowotna","status":"publish","type":"post","link":"https:\/\/fundacjaukraina.eu\/en\/nocna-i-swiateczna-opieka-zdrowotna\/","title":{"rendered":"Nocna i \u015bwi\u0105teczna opieka zdrowotna"},"content":{"rendered":"\n<h2 class=\"has-large-font-size wp-block-heading\">Nocna i \u015bwi\u0105teczna opieka zdrowotna:<\/h2>\n\n\n\n<p>Zdrowie to najwi\u0119ksza warto\u015b\u0107 dla ka\u017cdego cz\u0142owieka. Wszyscy od czasu do czasu chorujemy, ale nie zawsze mo\u017cna uda\u0107 si\u0119 do lekarza. Co zrobi\u0107, gdy nagle \u017ale si\u0119 poczujesz w nocy lub na \u015bwi\u0119ta?<\/p>\n\n\n\n<p>W Polsce w nocy i na \u015bwi\u0119ta czynne s\u0105 tylko szpitale z oddzia\u0142em ratunkowym (SOR), wi\u0119c mo\u017cna si\u0119 kontaktowa\u0107 tylko z tymi plac\u00f3wkami medycznymi. We Wroc\u0142awiu s\u0105 4 takie szpitale:<\/p>\n\n\n\n<ul class=\"wp-block-list\">\n<li><strong>Dolno\u015bl\u0105ski Szpital Specjalistyczny im. T. Marciniak<\/strong><\/li>\n<\/ul>\n\n\n\n<p>ulica Fieldorfa 5<\/p>\n\n\n\n<p>tel. 71 306 42 22<\/p>\n\n\n\n<ul class=\"wp-block-list\">\n<li><strong>Wojew\u00f3dzki Szpital Specjalistyczny we Wroc\u0142awiu<\/strong><\/li>\n<\/ul>\n\n\n\n<p>ulica Kamie\u0144skiego 73a<\/p>\n\n\n\n<p>tel. 71 32 70 536<\/p>\n\n\n\n<ul class=\"wp-block-list\">\n<li><strong>Wojew\u00f3dzki Szpital Specjalistyczny im. J. Gromkowskiego<\/strong><\/li>\n<\/ul>\n\n\n\n<p>ulica Koszarowa 5<\/p>\n\n\n\n<p>tel. 71 395 76 07<\/p>\n\n\n\n<ul class=\"wp-block-list\">\n<li><strong>Szpital Specjalistyczny im A. Falkiewicza<\/strong><\/li>\n<\/ul>\n\n\n\n<p>ulica Warszawa 2<\/p>\n\n\n\n<p>tel. 71 37 74 116, tel. 71 37 74 117, tel. 71 37 74 118, tel. 71 37 74 119<\/p>\n\n\n\n<p><strong>Dosta\u0107 si\u0119 do SOR mo\u017cna:<\/strong><\/p>\n\n\n\n<ul class=\"wp-block-list\">\n<li>Wzywaj\u0105c pogotowie (tel. 999)<\/li>\n\n\n\n<li>Samodzielnie docieraj\u0105c do plac\u00f3wki<\/li>\n<\/ul>\n\n\n\n<p><strong>Wa\u017cne! <\/strong>Karetka przyje\u017cd\u017ca tylko w przypadku zagro\u017cenia \u017cycia i ma prawo odm\u00f3wi\u0107 wezwania. Karetka po rozmowie telefonicznej decyduje, czy naprawd\u0119 grozi Ci niebezpiecze\u0144stwo i czy nie jeste\u015b w stanie samodzielnie dotrze\u0107 do plac\u00f3wki medycznej.<\/p>\n\n\n\n<p>Do szpitala nale\u017cy zabra\u0107 ze sob\u0105:<\/p>\n\n\n\n<ul class=\"wp-block-list\">\n<li>Paszport zagraniczny;<\/li>\n\n\n\n<li>Dokument potwierdzaj\u0105cy legalno\u015b\u0107 pobytu w kraju;<\/li>\n\n\n\n<li>Polis\u0119 ubezpieczeniow\u0105 (je\u015bli jest);<\/li>\n\n\n\n<li>PESEL UKR (je\u015bli jest);<\/li>\n\n\n\n<li>Dokumentacj\u0119 medyczn\u0105.<\/li>\n<\/ul>\n\n\n\n<p>Je\u015bli masz prywatn\u0105 polis\u0119 ubezpieczeniow\u0105, najpierw musisz zadzwoni\u0107 do firmy ubezpieczeniowej i ostrzec o swoim stanie i zamiarze wezwania karetki \/ udania si\u0119 na pogotowie.<\/p>\n\n\n\n<p><strong>OSTRZE\u017bENIE! <\/strong>Je\u015bli nie posiadasz PESEL UKR\/Kart\u0119 Polaka lub nie p\u0142acisz sk\u0142adek na ZUS, szpital obci\u0105\u017cy Ci\u0119 kosztami leczenia i badania.<\/p>\n","protected":false},"excerpt":{"rendered":"<p>Nocna i \u015bwi\u0105teczna opieka zdrowotna: Zdrowie to najwi\u0119ksza warto\u015b\u0107 dla ka\u017cdego cz\u0142owieka. Wszyscy od czasu do czasu chorujemy, ale nie zawsze mo\u017cna uda\u0107 si\u0119 do lekarza. Co zrobi\u0107, gdy nagle \u017ale si\u0119 poczujesz w nocy lub na \u015bwi\u0119ta? W Polsce w nocy i na \u015bwi\u0119ta czynne s\u0105 tylko szpitale z oddzia\u0142em ratunkowym (SOR), wi\u0119c mo\u017cna&#8230;<\/p>\n","protected":false},"author":1,"featured_media":2993,"comment_status":"closed","ping_status":"closed","sticky":false,"template":"","format":"standard","meta":{"_eb_attr":"","inline_featured_image":false,"advgb_blocks_editor_width":"","advgb_blocks_columns_visual_guide":"","footnotes":""},"categories":[65,84],"tags":[75],"class_list":["post-2992","post","type-post","status-publish","format-standard","has-post-thumbnail","hentry","category-restart","category-informigrants","tag-informigrants"],"yoast_head":"<!-- This site is optimized with the Yoast SEO plugin v27.4 - https:\/\/yoast.com\/product\/yoast-seo-wordpress\/ -->\n<title>Nocna i \u015bwi\u0105teczna opieka zdrowotna - Fundacja Ukraina<\/title>\n<meta name=\"robots\" content=\"index, follow, max-snippet:-1, max-image-preview:large, max-video-preview:-1\" \/>\n<link rel=\"canonical\" href=\"https:\/\/fundacjaukraina.eu\/nocna-i-swiateczna-opieka-zdrowotna\/\" \/>\n<meta property=\"og:locale\" content=\"en_US\" \/>\n<meta property=\"og:type\" content=\"article\" \/>\n<meta property=\"og:title\" content=\"Nocna i \u015bwi\u0105teczna opieka zdrowotna - Fundacja Ukraina\" \/>\n<meta property=\"og:description\" content=\"Nocna i \u015bwi\u0105teczna opieka zdrowotna: Zdrowie to najwi\u0119ksza warto\u015b\u0107 dla ka\u017cdego cz\u0142owieka. Wszyscy od czasu do czasu chorujemy, ale nie zawsze mo\u017cna uda\u0107 si\u0119 do lekarza. Co zrobi\u0107, gdy nagle \u017ale si\u0119 poczujesz w nocy lub na \u015bwi\u0119ta? W Polsce w nocy i na \u015bwi\u0119ta czynne s\u0105 tylko szpitale z oddzia\u0142em ratunkowym (SOR), wi\u0119c mo\u017cna...\" \/>\n<meta property=\"og:url\" content=\"https:\/\/fundacjaukraina.eu\/nocna-i-swiateczna-opieka-zdrowotna\/\" \/>\n<meta property=\"og:site_name\" content=\"Fundacja Ukraina\" \/>\n<meta property=\"article:publisher\" content=\"https:\/\/www.facebook.com\/fundacja.ukraina\/\" \/>\n<meta property=\"article:published_time\" content=\"2023-01-01T13:04:56+00:00\" \/>\n<meta property=\"article:modified_time\" content=\"2023-06-20T07:26:45+00:00\" \/>\n<meta property=\"og:image\" content=\"https:\/\/fundacjaukraina.eu\/wp-content\/uploads\/2023\/01\/medical-header-1.jpg\" \/>\n\t<meta property=\"og:image:width\" content=\"1600\" \/>\n\t<meta property=\"og:image:height\" content=\"650\" \/>\n\t<meta property=\"og:image:type\" content=\"image\/jpeg\" \/>\n<meta name=\"author\" content=\"fu-admin\" \/>\n<meta name=\"twitter:card\" content=\"summary_large_image\" \/>\n<meta name=\"twitter:label1\" content=\"Written by\" \/>\n\t<meta name=\"twitter:data1\" content=\"fu-admin\" \/>\n\t<meta name=\"twitter:label2\" content=\"Est. reading time\" \/>\n\t<meta name=\"twitter:data2\" content=\"1 minute\" \/>\n<script type=\"application\/ld+json\" class=\"yoast-schema-graph\">{\"@context\":\"https:\\\/\\\/schema.org\",\"@graph\":[{\"@type\":\"Article\",\"@id\":\"https:\\\/\\\/fundacjaukraina.eu\\\/nocna-i-swiateczna-opieka-zdrowotna\\\/#article\",\"isPartOf\":{\"@id\":\"https:\\\/\\\/fundacjaukraina.eu\\\/nocna-i-swiateczna-opieka-zdrowotna\\\/\"},\"author\":{\"name\":\"fu-admin\",\"@id\":\"https:\\\/\\\/fundacjaukraina.eu\\\/#\\\/schema\\\/person\\\/695dd52aaea89387b9eaa44ca3622e57\"},\"headline\":\"Nocna i \u015bwi\u0105teczna opieka zdrowotna\",\"datePublished\":\"2023-01-01T13:04:56+00:00\",\"dateModified\":\"2023-06-20T07:26:45+00:00\",\"mainEntityOfPage\":{\"@id\":\"https:\\\/\\\/fundacjaukraina.eu\\\/nocna-i-swiateczna-opieka-zdrowotna\\\/\"},\"wordCount\":265,\"publisher\":{\"@id\":\"https:\\\/\\\/fundacjaukraina.eu\\\/#organization\"},\"image\":{\"@id\":\"https:\\\/\\\/fundacjaukraina.eu\\\/nocna-i-swiateczna-opieka-zdrowotna\\\/#primaryimage\"},\"thumbnailUrl\":\"https:\\\/\\\/fundacjaukraina.eu\\\/wp-content\\\/uploads\\\/2023\\\/01\\\/medical-header-1.jpg\",\"keywords\":[\"informigrants\"],\"articleSection\":[\"ReSTART\",\"Informigrants\"],\"inLanguage\":\"en-US\"},{\"@type\":\"WebPage\",\"@id\":\"https:\\\/\\\/fundacjaukraina.eu\\\/nocna-i-swiateczna-opieka-zdrowotna\\\/\",\"url\":\"https:\\\/\\\/fundacjaukraina.eu\\\/nocna-i-swiateczna-opieka-zdrowotna\\\/\",\"name\":\"Nocna i \u015bwi\u0105teczna opieka zdrowotna - Fundacja Ukraina\",\"isPartOf\":{\"@id\":\"https:\\\/\\\/fundacjaukraina.eu\\\/#website\"},\"primaryImageOfPage\":{\"@id\":\"https:\\\/\\\/fundacjaukraina.eu\\\/nocna-i-swiateczna-opieka-zdrowotna\\\/#primaryimage\"},\"image\":{\"@id\":\"https:\\\/\\\/fundacjaukraina.eu\\\/nocna-i-swiateczna-opieka-zdrowotna\\\/#primaryimage\"},\"thumbnailUrl\":\"https:\\\/\\\/fundacjaukraina.eu\\\/wp-content\\\/uploads\\\/2023\\\/01\\\/medical-header-1.jpg\",\"datePublished\":\"2023-01-01T13:04:56+00:00\",\"dateModified\":\"2023-06-20T07:26:45+00:00\",\"breadcrumb\":{\"@id\":\"https:\\\/\\\/fundacjaukraina.eu\\\/nocna-i-swiateczna-opieka-zdrowotna\\\/#breadcrumb\"},\"inLanguage\":\"en-US\",\"potentialAction\":[{\"@type\":\"ReadAction\",\"target\":[\"https:\\\/\\\/fundacjaukraina.eu\\\/nocna-i-swiateczna-opieka-zdrowotna\\\/\"]}]},{\"@type\":\"ImageObject\",\"inLanguage\":\"en-US\",\"@id\":\"https:\\\/\\\/fundacjaukraina.eu\\\/nocna-i-swiateczna-opieka-zdrowotna\\\/#primaryimage\",\"url\":\"https:\\\/\\\/fundacjaukraina.eu\\\/wp-content\\\/uploads\\\/2023\\\/01\\\/medical-header-1.jpg\",\"contentUrl\":\"https:\\\/\\\/fundacjaukraina.eu\\\/wp-content\\\/uploads\\\/2023\\\/01\\\/medical-header-1.jpg\",\"width\":1600,\"height\":650,\"caption\":\"Karetka pogotowia.\"},{\"@type\":\"BreadcrumbList\",\"@id\":\"https:\\\/\\\/fundacjaukraina.eu\\\/nocna-i-swiateczna-opieka-zdrowotna\\\/#breadcrumb\",\"itemListElement\":[{\"@type\":\"ListItem\",\"position\":1,\"name\":\"Home\",\"item\":\"https:\\\/\\\/fundacjaukraina.eu\\\/en\\\/\"},{\"@type\":\"ListItem\",\"position\":2,\"name\":\"Nocna i \u015bwi\u0105teczna opieka zdrowotna\"}]},{\"@type\":\"WebSite\",\"@id\":\"https:\\\/\\\/fundacjaukraina.eu\\\/#website\",\"url\":\"https:\\\/\\\/fundacjaukraina.eu\\\/\",\"name\":\"Fundacja Ukraina\",\"description\":\"Pracujemy z lud\u017ami i dla ludzi\",\"publisher\":{\"@id\":\"https:\\\/\\\/fundacjaukraina.eu\\\/#organization\"},\"potentialAction\":[{\"@type\":\"SearchAction\",\"target\":{\"@type\":\"EntryPoint\",\"urlTemplate\":\"https:\\\/\\\/fundacjaukraina.eu\\\/?s={search_term_string}\"},\"query-input\":{\"@type\":\"PropertyValueSpecification\",\"valueRequired\":true,\"valueName\":\"search_term_string\"}}],\"inLanguage\":\"en-US\"},{\"@type\":\"Organization\",\"@id\":\"https:\\\/\\\/fundacjaukraina.eu\\\/#organization\",\"name\":\"Fundacja Ukraina\",\"url\":\"https:\\\/\\\/fundacjaukraina.eu\\\/\",\"logo\":{\"@type\":\"ImageObject\",\"inLanguage\":\"en-US\",\"@id\":\"https:\\\/\\\/fundacjaukraina.eu\\\/#\\\/schema\\\/logo\\\/image\\\/\",\"url\":\"https:\\\/\\\/fundacjaukraina.eu\\\/wp-content\\\/uploads\\\/2023\\\/09\\\/fu-main.png\",\"contentUrl\":\"https:\\\/\\\/fundacjaukraina.eu\\\/wp-content\\\/uploads\\\/2023\\\/09\\\/fu-main.png\",\"width\":1200,\"height\":630,\"caption\":\"Fundacja Ukraina\"},\"image\":{\"@id\":\"https:\\\/\\\/fundacjaukraina.eu\\\/#\\\/schema\\\/logo\\\/image\\\/\"},\"sameAs\":[\"https:\\\/\\\/www.facebook.com\\\/fundacja.ukraina\\\/\",\"https:\\\/\\\/www.linkedin.com\\\/company\\\/fundacja-ukraina\"]},{\"@type\":\"Person\",\"@id\":\"https:\\\/\\\/fundacjaukraina.eu\\\/#\\\/schema\\\/person\\\/695dd52aaea89387b9eaa44ca3622e57\",\"name\":\"fu-admin\",\"image\":{\"@type\":\"ImageObject\",\"inLanguage\":\"en-US\",\"@id\":\"https:\\\/\\\/secure.gravatar.com\\\/avatar\\\/51242c9e7cbd8a4a290d3e357f646828e11567e4f3958f79d43b8351b1dda904?s=96&d=mm&r=g\",\"url\":\"https:\\\/\\\/secure.gravatar.com\\\/avatar\\\/51242c9e7cbd8a4a290d3e357f646828e11567e4f3958f79d43b8351b1dda904?s=96&d=mm&r=g\",\"contentUrl\":\"https:\\\/\\\/secure.gravatar.com\\\/avatar\\\/51242c9e7cbd8a4a290d3e357f646828e11567e4f3958f79d43b8351b1dda904?s=96&d=mm&r=g\",\"caption\":\"fu-admin\"},\"sameAs\":[\"https:\\\/\\\/fundacjaukraina.eu\"],\"url\":\"https:\\\/\\\/fundacjaukraina.eu\\\/en\\\/author\\\/fu-admin\\\/\"}]}<\/script>\n<!-- \/ Yoast SEO plugin. -->","yoast_head_json":{"title":"Nocna i \u015bwi\u0105teczna opieka zdrowotna - Fundacja Ukraina","robots":{"index":"index","follow":"follow","max-snippet":"max-snippet:-1","max-image-preview":"max-image-preview:large","max-video-preview":"max-video-preview:-1"},"canonical":"https:\/\/fundacjaukraina.eu\/nocna-i-swiateczna-opieka-zdrowotna\/","og_locale":"en_US","og_type":"article","og_title":"Nocna i \u015bwi\u0105teczna opieka zdrowotna - Fundacja Ukraina","og_description":"Nocna i \u015bwi\u0105teczna opieka zdrowotna: Zdrowie to najwi\u0119ksza warto\u015b\u0107 dla ka\u017cdego cz\u0142owieka. Wszyscy od czasu do czasu chorujemy, ale nie zawsze mo\u017cna uda\u0107 si\u0119 do lekarza. Co zrobi\u0107, gdy nagle \u017ale si\u0119 poczujesz w nocy lub na \u015bwi\u0119ta? W Polsce w nocy i na \u015bwi\u0119ta czynne s\u0105 tylko szpitale z oddzia\u0142em ratunkowym (SOR), wi\u0119c mo\u017cna...","og_url":"https:\/\/fundacjaukraina.eu\/nocna-i-swiateczna-opieka-zdrowotna\/","og_site_name":"Fundacja Ukraina","article_publisher":"https:\/\/www.facebook.com\/fundacja.ukraina\/","article_published_time":"2023-01-01T13:04:56+00:00","article_modified_time":"2023-06-20T07:26:45+00:00","og_image":[{"width":1600,"height":650,"url":"https:\/\/fundacjaukraina.eu\/wp-content\/uploads\/2023\/01\/medical-header-1.jpg","type":"image\/jpeg"}],"author":"fu-admin","twitter_card":"summary_large_image","twitter_misc":{"Written by":"fu-admin","Est. reading time":"1 minute"},"schema":{"@context":"https:\/\/schema.org","@graph":[{"@type":"Article","@id":"https:\/\/fundacjaukraina.eu\/nocna-i-swiateczna-opieka-zdrowotna\/#article","isPartOf":{"@id":"https:\/\/fundacjaukraina.eu\/nocna-i-swiateczna-opieka-zdrowotna\/"},"author":{"name":"fu-admin","@id":"https:\/\/fundacjaukraina.eu\/#\/schema\/person\/695dd52aaea89387b9eaa44ca3622e57"},"headline":"Nocna i \u015bwi\u0105teczna opieka zdrowotna","datePublished":"2023-01-01T13:04:56+00:00","dateModified":"2023-06-20T07:26:45+00:00","mainEntityOfPage":{"@id":"https:\/\/fundacjaukraina.eu\/nocna-i-swiateczna-opieka-zdrowotna\/"},"wordCount":265,"publisher":{"@id":"https:\/\/fundacjaukraina.eu\/#organization"},"image":{"@id":"https:\/\/fundacjaukraina.eu\/nocna-i-swiateczna-opieka-zdrowotna\/#primaryimage"},"thumbnailUrl":"https:\/\/fundacjaukraina.eu\/wp-content\/uploads\/2023\/01\/medical-header-1.jpg","keywords":["informigrants"],"articleSection":["ReSTART","Informigrants"],"inLanguage":"en-US"},{"@type":"WebPage","@id":"https:\/\/fundacjaukraina.eu\/nocna-i-swiateczna-opieka-zdrowotna\/","url":"https:\/\/fundacjaukraina.eu\/nocna-i-swiateczna-opieka-zdrowotna\/","name":"Nocna i \u015bwi\u0105teczna opieka zdrowotna - Fundacja Ukraina","isPartOf":{"@id":"https:\/\/fundacjaukraina.eu\/#website"},"primaryImageOfPage":{"@id":"https:\/\/fundacjaukraina.eu\/nocna-i-swiateczna-opieka-zdrowotna\/#primaryimage"},"image":{"@id":"https:\/\/fundacjaukraina.eu\/nocna-i-swiateczna-opieka-zdrowotna\/#primaryimage"},"thumbnailUrl":"https:\/\/fundacjaukraina.eu\/wp-content\/uploads\/2023\/01\/medical-header-1.jpg","datePublished":"2023-01-01T13:04:56+00:00","dateModified":"2023-06-20T07:26:45+00:00","breadcrumb":{"@id":"https:\/\/fundacjaukraina.eu\/nocna-i-swiateczna-opieka-zdrowotna\/#breadcrumb"},"inLanguage":"en-US","potentialAction":[{"@type":"ReadAction","target":["https:\/\/fundacjaukraina.eu\/nocna-i-swiateczna-opieka-zdrowotna\/"]}]},{"@type":"ImageObject","inLanguage":"en-US","@id":"https:\/\/fundacjaukraina.eu\/nocna-i-swiateczna-opieka-zdrowotna\/#primaryimage","url":"https:\/\/fundacjaukraina.eu\/wp-content\/uploads\/2023\/01\/medical-header-1.jpg","contentUrl":"https:\/\/fundacjaukraina.eu\/wp-content\/uploads\/2023\/01\/medical-header-1.jpg","width":1600,"height":650,"caption":"Karetka pogotowia."},{"@type":"BreadcrumbList","@id":"https:\/\/fundacjaukraina.eu\/nocna-i-swiateczna-opieka-zdrowotna\/#breadcrumb","itemListElement":[{"@type":"ListItem","position":1,"name":"Home","item":"https:\/\/fundacjaukraina.eu\/en\/"},{"@type":"ListItem","position":2,"name":"Nocna i \u015bwi\u0105teczna opieka zdrowotna"}]},{"@type":"WebSite","@id":"https:\/\/fundacjaukraina.eu\/#website","url":"https:\/\/fundacjaukraina.eu\/","name":"Fundacja Ukraina","description":"Pracujemy z lud\u017ami i dla ludzi","publisher":{"@id":"https:\/\/fundacjaukraina.eu\/#organization"},"potentialAction":[{"@type":"SearchAction","target":{"@type":"EntryPoint","urlTemplate":"https:\/\/fundacjaukraina.eu\/?s={search_term_string}"},"query-input":{"@type":"PropertyValueSpecification","valueRequired":true,"valueName":"search_term_string"}}],"inLanguage":"en-US"},{"@type":"Organization","@id":"https:\/\/fundacjaukraina.eu\/#organization","name":"Fundacja Ukraina","url":"https:\/\/fundacjaukraina.eu\/","logo":{"@type":"ImageObject","inLanguage":"en-US","@id":"https:\/\/fundacjaukraina.eu\/#\/schema\/logo\/image\/","url":"https:\/\/fundacjaukraina.eu\/wp-content\/uploads\/2023\/09\/fu-main.png","contentUrl":"https:\/\/fundacjaukraina.eu\/wp-content\/uploads\/2023\/09\/fu-main.png","width":1200,"height":630,"caption":"Fundacja Ukraina"},"image":{"@id":"https:\/\/fundacjaukraina.eu\/#\/schema\/logo\/image\/"},"sameAs":["https:\/\/www.facebook.com\/fundacja.ukraina\/","https:\/\/www.linkedin.com\/company\/fundacja-ukraina"]},{"@type":"Person","@id":"https:\/\/fundacjaukraina.eu\/#\/schema\/person\/695dd52aaea89387b9eaa44ca3622e57","name":"fu-admin","image":{"@type":"ImageObject","inLanguage":"en-US","@id":"https:\/\/secure.gravatar.com\/avatar\/51242c9e7cbd8a4a290d3e357f646828e11567e4f3958f79d43b8351b1dda904?s=96&d=mm&r=g","url":"https:\/\/secure.gravatar.com\/avatar\/51242c9e7cbd8a4a290d3e357f646828e11567e4f3958f79d43b8351b1dda904?s=96&d=mm&r=g","contentUrl":"https:\/\/secure.gravatar.com\/avatar\/51242c9e7cbd8a4a290d3e357f646828e11567e4f3958f79d43b8351b1dda904?s=96&d=mm&r=g","caption":"fu-admin"},"sameAs":["https:\/\/fundacjaukraina.eu"],"url":"https:\/\/fundacjaukraina.eu\/en\/author\/fu-admin\/"}]}},"author_meta":{"display_name":"fu-admin","author_link":"https:\/\/fundacjaukraina.eu\/en\/author\/fu-admin\/"},"featured_img":"https:\/\/fundacjaukraina.eu\/wp-content\/uploads\/2023\/01\/medical-header-1-600x244.jpg","coauthors":[],"tax_additional":{"categories":{"linked":["<a href=\"https:\/\/fundacjaukraina.eu\/en\/category\/restart\/\" class=\"advgb-post-tax-term\">ReSTART<\/a>","<a href=\"https:\/\/fundacjaukraina.eu\/en\/category\/informigrants\/\" class=\"advgb-post-tax-term\">Informigrants<\/a>"],"unlinked":["<span class=\"advgb-post-tax-term\">ReSTART<\/span>","<span class=\"advgb-post-tax-term\">Informigrants<\/span>"]},"tags":{"linked":["<a href=\"https:\/\/fundacjaukraina.eu\/en\/category\/informigrants\/\" class=\"advgb-post-tax-term\">informigrants<\/a>"],"unlinked":["<span class=\"advgb-post-tax-term\">informigrants<\/span>"]}},"comment_count":"0","relative_dates":{"created":"Posted 3 years ago","modified":"Updated 3 years ago"},"absolute_dates":{"created":"Posted on 2023-01-01","modified":"Updated on 2023-06-20"},"absolute_dates_time":{"created":"Posted on 2023-01-01 14:04","modified":"Updated on 2023-06-20 09:26"},"featured_img_caption":"","series_order":"","_links":{"self":[{"href":"https:\/\/fundacjaukraina.eu\/en\/wp-json\/wp\/v2\/posts\/2992","targetHints":{"allow":["GET"]}}],"collection":[{"href":"https:\/\/fundacjaukraina.eu\/en\/wp-json\/wp\/v2\/posts"}],"about":[{"href":"https:\/\/fundacjaukraina.eu\/en\/wp-json\/wp\/v2\/types\/post"}],"author":[{"embeddable":true,"href":"https:\/\/fundacjaukraina.eu\/en\/wp-json\/wp\/v2\/users\/1"}],"replies":[{"embeddable":true,"href":"https:\/\/fundacjaukraina.eu\/en\/wp-json\/wp\/v2\/comments?post=2992"}],"version-history":[{"count":2,"href":"https:\/\/fundacjaukraina.eu\/en\/wp-json\/wp\/v2\/posts\/2992\/revisions"}],"predecessor-version":[{"id":3581,"href":"https:\/\/fundacjaukraina.eu\/en\/wp-json\/wp\/v2\/posts\/2992\/revisions\/3581"}],"wp:featuredmedia":[{"embeddable":true,"href":"https:\/\/fundacjaukraina.eu\/en\/wp-json\/wp\/v2\/media\/2993"}],"wp:attachment":[{"href":"https:\/\/fundacjaukraina.eu\/en\/wp-json\/wp\/v2\/media?parent=2992"}],"wp:term":[{"taxonomy":"category","embeddable":true,"href":"https:\/\/fundacjaukraina.eu\/en\/wp-json\/wp\/v2\/categories?post=2992"},{"taxonomy":"post_tag","embeddable":true,"href":"https:\/\/fundacjaukraina.eu\/en\/wp-json\/wp\/v2\/tags?post=2992"}],"curies":[{"name":"wp","href":"https:\/\/api.w.org\/{rel}","templated":true}]}}