{"id":3008,"date":"2019-07-26T15:16:36","date_gmt":"2019-07-26T13:16:36","guid":{"rendered":"https:\/\/fundacjaukraina.eu\/schedule-of-integration-training-for-july\/"},"modified":"2023-01-30T14:15:29","modified_gmt":"2023-01-30T13:15:29","slug":"schedule-of-integration-training-for-july","status":"publish","type":"post","link":"https:\/\/fundacjaukraina.eu\/en\/schedule-of-integration-training-for-july\/","title":{"rendered":"Schedule of integration training for July"},"content":{"rendered":"<p><strong>In July the course \u201cPoland &#8211; My Place\u201d transforms into masterclasses and workshops!<\/strong><br \/>\n<em>Previous classes in the course \u201cPoland &#8211; My Place\u201d were held as legal seminars on the topic of legalization of stay, employment, everyday life, etc. In July, we have slightly modified this formula and invited third-country citizens to free video and cooking workshops.<\/em><\/p>\n<p><strong>Schedule in July and registration forms for participation:<\/strong><br \/>\nJuly 16 from 16:00 to 19:00 Video workshop &#8211;\u00a0<a href=\"https:\/\/slack-redir.net\/link?url=https%3A%2F%2Fforms.gle%2FKXdjm8gMzpdSg9nC6\">https:\/\/forms.gle\/KXdjm8gMzpdSg9nC6<\/a><br \/>\nJuly 20 from 14:00 to 17:00 Cooking workshop &#8211;\u00a0<a href=\"https:\/\/slack-redir.net\/link?url=https%3A%2F%2Fforms.gle%2Fa6JBetpLPyyArtcc6\">https:\/\/forms.gle\/a6JBetpLPyyArtcc6<\/a><br \/>\nJuly 25 from 4:00 pm to 7:00 pm Video workshop &#8211;\u00a0<a href=\"https:\/\/slack-redir.net\/link?url=https%3A%2F%2Fforms.gle%2FA84hpt2YpJFpsK3R8\">https:\/\/forms.gle\/A84hpt2YpJFpsK3R8<\/a><br \/>\nJuly 25 from 18:00 to 20:30 Cooking Workshop &#8211;\u00a0<a href=\"https:\/\/slack-redir.net\/link?url=https%3A%2F%2Fforms.gle%2FiMjwy13qtjodqG3Z9\">https:\/\/forms.gle\/iMjwy13qtjodqG3Z9<\/a><\/p>\n<ul>\n<li>During the<strong> \u201cVideo Workshop\u201d<\/strong> meetings, you will learn the rules of composition, the techniques of placing objects in the frame, methods of high-quality video shooting and editing. And later, you can take advantage of the knowledge in practice and make your video and edit it. An additional bonus of this workshop is tips for using in marketing, social media platforms.<br \/>\nOlena Astakhova, coordinator of the advertising department of Foundation Ukraine, photographer and graphic designer of the organization is a lecturer of those masterclasses. Meetings are suitable for professionals, as well as for those who just begin their video adventure. The language of workshops is English.<\/li>\n<li><strong>Master Class \u201cIntegration Kitchen\u201d<\/strong> will be nothing more than cooking simple dishes of daily use. In the kitchen of CUKR, we plan to gather a group of interested people and share some culinary secrets. On July 20, the theme of cooking will be a vegetarian breakfast, and on July 25 &#8211; a vegetarian dinner. During cooking, we will also focus on environmental issues and the concept of zero waste. The 3-hour seminar will end with a tasting of cooked dishes and a lively discussion.<br \/>\nThe lecturer is\u00a0\u00a0Marcel Majchrzak. The language of the workshop is Polish.<br \/>\nIf you need a translator at any workshop, please email\u00a0<a href=\"mailto:fami@fotlsuj.cluster031.hosting.ovh.net\">fami@fotlsuj.cluster031.hosting.ovh.net<\/a>\u00a048 hours before the meeting.<br \/>\nPre-registration is required for all masterclasses. Confirmation is sent by e-mail several days before the beginning of the class. On the day of the workshop, please arrive 15 minutes before the meeting to confirm the registration. Please bring your passport and your stay card, if any is available.<\/li>\n<\/ul>\n<p>Projekt \u201eIntegracja, adaptacja, akceptacja. Wsparcie obywateli pa\u0144stw trzecich zamieszka\u0142ych na Dolnym \u015al\u0105sku\u201d wsp\u00f3\u0142finansowany jest z Programu Krajowego Funduszu Azylu, Migracji i Integracji oraz bud\u017cetu pa\u0144stwa.<\/p>\n","protected":false},"excerpt":{"rendered":"<p>In July the course \u201cPoland &#8211; My Place\u201d transforms into masterclasses and workshops! Previous classes in the course \u201cPoland &#8211; My Place\u201d were held as legal seminars on the topic of legalization of stay, employment, everyday life, etc. In July, we have slightly modified this formula and invited third-country citizens to free video and cooking&#8230;<\/p>\n","protected":false},"author":1,"featured_media":403,"comment_status":"closed","ping_status":"closed","sticky":false,"template":"","format":"standard","meta":{"_eb_attr":"","inline_featured_image":false,"advgb_blocks_editor_width":"","advgb_blocks_columns_visual_guide":"","footnotes":""},"categories":[68],"tags":[],"class_list":["post-3008","post","type-post","status-publish","format-standard","has-post-thumbnail","hentry","category-fami-en"],"yoast_head":"<!-- This site is optimized with the Yoast SEO plugin v27.4 - https:\/\/yoast.com\/product\/yoast-seo-wordpress\/ -->\n<title>Schedule of integration training for July - Fundacja Ukraina<\/title>\n<meta name=\"robots\" content=\"index, follow, max-snippet:-1, max-image-preview:large, max-video-preview:-1\" \/>\n<link rel=\"canonical\" href=\"https:\/\/fundacjaukraina.eu\/en\/schedule-of-integration-training-for-july\/\" \/>\n<meta property=\"og:locale\" content=\"en_US\" \/>\n<meta property=\"og:type\" content=\"article\" \/>\n<meta property=\"og:title\" content=\"Schedule of integration training for July - Fundacja Ukraina\" \/>\n<meta property=\"og:description\" content=\"In July the course \u201cPoland &#8211; My Place\u201d transforms into masterclasses and workshops! Previous classes in the course \u201cPoland &#8211; My Place\u201d were held as legal seminars on the topic of legalization of stay, employment, everyday life, etc. In July, we have slightly modified this formula and invited third-country citizens to free video and cooking...\" \/>\n<meta property=\"og:url\" content=\"https:\/\/fundacjaukraina.eu\/en\/schedule-of-integration-training-for-july\/\" \/>\n<meta property=\"og:site_name\" content=\"Fundacja Ukraina\" \/>\n<meta property=\"article:publisher\" content=\"https:\/\/www.facebook.com\/fundacja.ukraina\/\" \/>\n<meta property=\"article:published_time\" content=\"2019-07-26T13:16:36+00:00\" \/>\n<meta property=\"article:modified_time\" content=\"2023-01-30T13:15:29+00:00\" \/>\n<meta property=\"og:image\" content=\"https:\/\/fundacjaukraina.eu\/wp-content\/uploads\/2023\/01\/blog-workshops.jpg\" \/>\n\t<meta property=\"og:image:width\" content=\"1607\" \/>\n\t<meta property=\"og:image:height\" content=\"804\" \/>\n\t<meta property=\"og:image:type\" content=\"image\/jpeg\" \/>\n<meta name=\"author\" content=\"fu-admin\" \/>\n<meta name=\"twitter:card\" content=\"summary_large_image\" \/>\n<meta name=\"twitter:label1\" content=\"Written by\" \/>\n\t<meta name=\"twitter:data1\" content=\"fu-admin\" \/>\n\t<meta name=\"twitter:label2\" content=\"Est. reading time\" \/>\n\t<meta name=\"twitter:data2\" content=\"2 minutes\" \/>\n<script type=\"application\/ld+json\" class=\"yoast-schema-graph\">{\"@context\":\"https:\\\/\\\/schema.org\",\"@graph\":[{\"@type\":\"Article\",\"@id\":\"https:\\\/\\\/fundacjaukraina.eu\\\/en\\\/schedule-of-integration-training-for-july\\\/#article\",\"isPartOf\":{\"@id\":\"https:\\\/\\\/fundacjaukraina.eu\\\/en\\\/schedule-of-integration-training-for-july\\\/\"},\"author\":{\"name\":\"fu-admin\",\"@id\":\"https:\\\/\\\/fundacjaukraina.eu\\\/#\\\/schema\\\/person\\\/695dd52aaea89387b9eaa44ca3622e57\"},\"headline\":\"Schedule of integration training for July\",\"datePublished\":\"2019-07-26T13:16:36+00:00\",\"dateModified\":\"2023-01-30T13:15:29+00:00\",\"mainEntityOfPage\":{\"@id\":\"https:\\\/\\\/fundacjaukraina.eu\\\/en\\\/schedule-of-integration-training-for-july\\\/\"},\"wordCount\":417,\"publisher\":{\"@id\":\"https:\\\/\\\/fundacjaukraina.eu\\\/#organization\"},\"image\":{\"@id\":\"https:\\\/\\\/fundacjaukraina.eu\\\/en\\\/schedule-of-integration-training-for-july\\\/#primaryimage\"},\"thumbnailUrl\":\"https:\\\/\\\/fundacjaukraina.eu\\\/wp-content\\\/uploads\\\/2023\\\/01\\\/blog-workshops.jpg\",\"articleSection\":[\"FAMI\"],\"inLanguage\":\"en-US\"},{\"@type\":\"WebPage\",\"@id\":\"https:\\\/\\\/fundacjaukraina.eu\\\/en\\\/schedule-of-integration-training-for-july\\\/\",\"url\":\"https:\\\/\\\/fundacjaukraina.eu\\\/en\\\/schedule-of-integration-training-for-july\\\/\",\"name\":\"Schedule of integration training for July - Fundacja Ukraina\",\"isPartOf\":{\"@id\":\"https:\\\/\\\/fundacjaukraina.eu\\\/#website\"},\"primaryImageOfPage\":{\"@id\":\"https:\\\/\\\/fundacjaukraina.eu\\\/en\\\/schedule-of-integration-training-for-july\\\/#primaryimage\"},\"image\":{\"@id\":\"https:\\\/\\\/fundacjaukraina.eu\\\/en\\\/schedule-of-integration-training-for-july\\\/#primaryimage\"},\"thumbnailUrl\":\"https:\\\/\\\/fundacjaukraina.eu\\\/wp-content\\\/uploads\\\/2023\\\/01\\\/blog-workshops.jpg\",\"datePublished\":\"2019-07-26T13:16:36+00:00\",\"dateModified\":\"2023-01-30T13:15:29+00:00\",\"breadcrumb\":{\"@id\":\"https:\\\/\\\/fundacjaukraina.eu\\\/en\\\/schedule-of-integration-training-for-july\\\/#breadcrumb\"},\"inLanguage\":\"en-US\",\"potentialAction\":[{\"@type\":\"ReadAction\",\"target\":[\"https:\\\/\\\/fundacjaukraina.eu\\\/en\\\/schedule-of-integration-training-for-july\\\/\"]}]},{\"@type\":\"ImageObject\",\"inLanguage\":\"en-US\",\"@id\":\"https:\\\/\\\/fundacjaukraina.eu\\\/en\\\/schedule-of-integration-training-for-july\\\/#primaryimage\",\"url\":\"https:\\\/\\\/fundacjaukraina.eu\\\/wp-content\\\/uploads\\\/2023\\\/01\\\/blog-workshops.jpg\",\"contentUrl\":\"https:\\\/\\\/fundacjaukraina.eu\\\/wp-content\\\/uploads\\\/2023\\\/01\\\/blog-workshops.jpg\",\"width\":1607,\"height\":804,\"caption\":\"Schedule of integration training for July\"},{\"@type\":\"BreadcrumbList\",\"@id\":\"https:\\\/\\\/fundacjaukraina.eu\\\/en\\\/schedule-of-integration-training-for-july\\\/#breadcrumb\",\"itemListElement\":[{\"@type\":\"ListItem\",\"position\":1,\"name\":\"Home\",\"item\":\"https:\\\/\\\/fundacjaukraina.eu\\\/en\\\/\"},{\"@type\":\"ListItem\",\"position\":2,\"name\":\"Schedule of integration training for July\"}]},{\"@type\":\"WebSite\",\"@id\":\"https:\\\/\\\/fundacjaukraina.eu\\\/#website\",\"url\":\"https:\\\/\\\/fundacjaukraina.eu\\\/\",\"name\":\"Fundacja Ukraina\",\"description\":\"Pracujemy z lud\u017ami i dla ludzi\",\"publisher\":{\"@id\":\"https:\\\/\\\/fundacjaukraina.eu\\\/#organization\"},\"potentialAction\":[{\"@type\":\"SearchAction\",\"target\":{\"@type\":\"EntryPoint\",\"urlTemplate\":\"https:\\\/\\\/fundacjaukraina.eu\\\/?s={search_term_string}\"},\"query-input\":{\"@type\":\"PropertyValueSpecification\",\"valueRequired\":true,\"valueName\":\"search_term_string\"}}],\"inLanguage\":\"en-US\"},{\"@type\":\"Organization\",\"@id\":\"https:\\\/\\\/fundacjaukraina.eu\\\/#organization\",\"name\":\"Fundacja Ukraina\",\"url\":\"https:\\\/\\\/fundacjaukraina.eu\\\/\",\"logo\":{\"@type\":\"ImageObject\",\"inLanguage\":\"en-US\",\"@id\":\"https:\\\/\\\/fundacjaukraina.eu\\\/#\\\/schema\\\/logo\\\/image\\\/\",\"url\":\"https:\\\/\\\/fundacjaukraina.eu\\\/wp-content\\\/uploads\\\/2023\\\/09\\\/fu-main.png\",\"contentUrl\":\"https:\\\/\\\/fundacjaukraina.eu\\\/wp-content\\\/uploads\\\/2023\\\/09\\\/fu-main.png\",\"width\":1200,\"height\":630,\"caption\":\"Fundacja Ukraina\"},\"image\":{\"@id\":\"https:\\\/\\\/fundacjaukraina.eu\\\/#\\\/schema\\\/logo\\\/image\\\/\"},\"sameAs\":[\"https:\\\/\\\/www.facebook.com\\\/fundacja.ukraina\\\/\",\"https:\\\/\\\/www.linkedin.com\\\/company\\\/fundacja-ukraina\"]},{\"@type\":\"Person\",\"@id\":\"https:\\\/\\\/fundacjaukraina.eu\\\/#\\\/schema\\\/person\\\/695dd52aaea89387b9eaa44ca3622e57\",\"name\":\"fu-admin\",\"image\":{\"@type\":\"ImageObject\",\"inLanguage\":\"en-US\",\"@id\":\"https:\\\/\\\/secure.gravatar.com\\\/avatar\\\/51242c9e7cbd8a4a290d3e357f646828e11567e4f3958f79d43b8351b1dda904?s=96&d=mm&r=g\",\"url\":\"https:\\\/\\\/secure.gravatar.com\\\/avatar\\\/51242c9e7cbd8a4a290d3e357f646828e11567e4f3958f79d43b8351b1dda904?s=96&d=mm&r=g\",\"contentUrl\":\"https:\\\/\\\/secure.gravatar.com\\\/avatar\\\/51242c9e7cbd8a4a290d3e357f646828e11567e4f3958f79d43b8351b1dda904?s=96&d=mm&r=g\",\"caption\":\"fu-admin\"},\"sameAs\":[\"https:\\\/\\\/fundacjaukraina.eu\"],\"url\":\"https:\\\/\\\/fundacjaukraina.eu\\\/en\\\/author\\\/fu-admin\\\/\"}]}<\/script>\n<!-- \/ Yoast SEO plugin. -->","yoast_head_json":{"title":"Schedule of integration training for July - Fundacja Ukraina","robots":{"index":"index","follow":"follow","max-snippet":"max-snippet:-1","max-image-preview":"max-image-preview:large","max-video-preview":"max-video-preview:-1"},"canonical":"https:\/\/fundacjaukraina.eu\/en\/schedule-of-integration-training-for-july\/","og_locale":"en_US","og_type":"article","og_title":"Schedule of integration training for July - Fundacja Ukraina","og_description":"In July the course \u201cPoland &#8211; My Place\u201d transforms into masterclasses and workshops! Previous classes in the course \u201cPoland &#8211; My Place\u201d were held as legal seminars on the topic of legalization of stay, employment, everyday life, etc. In July, we have slightly modified this formula and invited third-country citizens to free video and cooking...","og_url":"https:\/\/fundacjaukraina.eu\/en\/schedule-of-integration-training-for-july\/","og_site_name":"Fundacja Ukraina","article_publisher":"https:\/\/www.facebook.com\/fundacja.ukraina\/","article_published_time":"2019-07-26T13:16:36+00:00","article_modified_time":"2023-01-30T13:15:29+00:00","og_image":[{"width":1607,"height":804,"url":"https:\/\/fundacjaukraina.eu\/wp-content\/uploads\/2023\/01\/blog-workshops.jpg","type":"image\/jpeg"}],"author":"fu-admin","twitter_card":"summary_large_image","twitter_misc":{"Written by":"fu-admin","Est. reading time":"2 minutes"},"schema":{"@context":"https:\/\/schema.org","@graph":[{"@type":"Article","@id":"https:\/\/fundacjaukraina.eu\/en\/schedule-of-integration-training-for-july\/#article","isPartOf":{"@id":"https:\/\/fundacjaukraina.eu\/en\/schedule-of-integration-training-for-july\/"},"author":{"name":"fu-admin","@id":"https:\/\/fundacjaukraina.eu\/#\/schema\/person\/695dd52aaea89387b9eaa44ca3622e57"},"headline":"Schedule of integration training for July","datePublished":"2019-07-26T13:16:36+00:00","dateModified":"2023-01-30T13:15:29+00:00","mainEntityOfPage":{"@id":"https:\/\/fundacjaukraina.eu\/en\/schedule-of-integration-training-for-july\/"},"wordCount":417,"publisher":{"@id":"https:\/\/fundacjaukraina.eu\/#organization"},"image":{"@id":"https:\/\/fundacjaukraina.eu\/en\/schedule-of-integration-training-for-july\/#primaryimage"},"thumbnailUrl":"https:\/\/fundacjaukraina.eu\/wp-content\/uploads\/2023\/01\/blog-workshops.jpg","articleSection":["FAMI"],"inLanguage":"en-US"},{"@type":"WebPage","@id":"https:\/\/fundacjaukraina.eu\/en\/schedule-of-integration-training-for-july\/","url":"https:\/\/fundacjaukraina.eu\/en\/schedule-of-integration-training-for-july\/","name":"Schedule of integration training for July - Fundacja Ukraina","isPartOf":{"@id":"https:\/\/fundacjaukraina.eu\/#website"},"primaryImageOfPage":{"@id":"https:\/\/fundacjaukraina.eu\/en\/schedule-of-integration-training-for-july\/#primaryimage"},"image":{"@id":"https:\/\/fundacjaukraina.eu\/en\/schedule-of-integration-training-for-july\/#primaryimage"},"thumbnailUrl":"https:\/\/fundacjaukraina.eu\/wp-content\/uploads\/2023\/01\/blog-workshops.jpg","datePublished":"2019-07-26T13:16:36+00:00","dateModified":"2023-01-30T13:15:29+00:00","breadcrumb":{"@id":"https:\/\/fundacjaukraina.eu\/en\/schedule-of-integration-training-for-july\/#breadcrumb"},"inLanguage":"en-US","potentialAction":[{"@type":"ReadAction","target":["https:\/\/fundacjaukraina.eu\/en\/schedule-of-integration-training-for-july\/"]}]},{"@type":"ImageObject","inLanguage":"en-US","@id":"https:\/\/fundacjaukraina.eu\/en\/schedule-of-integration-training-for-july\/#primaryimage","url":"https:\/\/fundacjaukraina.eu\/wp-content\/uploads\/2023\/01\/blog-workshops.jpg","contentUrl":"https:\/\/fundacjaukraina.eu\/wp-content\/uploads\/2023\/01\/blog-workshops.jpg","width":1607,"height":804,"caption":"Schedule of integration training for July"},{"@type":"BreadcrumbList","@id":"https:\/\/fundacjaukraina.eu\/en\/schedule-of-integration-training-for-july\/#breadcrumb","itemListElement":[{"@type":"ListItem","position":1,"name":"Home","item":"https:\/\/fundacjaukraina.eu\/en\/"},{"@type":"ListItem","position":2,"name":"Schedule of integration training for July"}]},{"@type":"WebSite","@id":"https:\/\/fundacjaukraina.eu\/#website","url":"https:\/\/fundacjaukraina.eu\/","name":"Fundacja Ukraina","description":"Pracujemy z lud\u017ami i dla ludzi","publisher":{"@id":"https:\/\/fundacjaukraina.eu\/#organization"},"potentialAction":[{"@type":"SearchAction","target":{"@type":"EntryPoint","urlTemplate":"https:\/\/fundacjaukraina.eu\/?s={search_term_string}"},"query-input":{"@type":"PropertyValueSpecification","valueRequired":true,"valueName":"search_term_string"}}],"inLanguage":"en-US"},{"@type":"Organization","@id":"https:\/\/fundacjaukraina.eu\/#organization","name":"Fundacja Ukraina","url":"https:\/\/fundacjaukraina.eu\/","logo":{"@type":"ImageObject","inLanguage":"en-US","@id":"https:\/\/fundacjaukraina.eu\/#\/schema\/logo\/image\/","url":"https:\/\/fundacjaukraina.eu\/wp-content\/uploads\/2023\/09\/fu-main.png","contentUrl":"https:\/\/fundacjaukraina.eu\/wp-content\/uploads\/2023\/09\/fu-main.png","width":1200,"height":630,"caption":"Fundacja Ukraina"},"image":{"@id":"https:\/\/fundacjaukraina.eu\/#\/schema\/logo\/image\/"},"sameAs":["https:\/\/www.facebook.com\/fundacja.ukraina\/","https:\/\/www.linkedin.com\/company\/fundacja-ukraina"]},{"@type":"Person","@id":"https:\/\/fundacjaukraina.eu\/#\/schema\/person\/695dd52aaea89387b9eaa44ca3622e57","name":"fu-admin","image":{"@type":"ImageObject","inLanguage":"en-US","@id":"https:\/\/secure.gravatar.com\/avatar\/51242c9e7cbd8a4a290d3e357f646828e11567e4f3958f79d43b8351b1dda904?s=96&d=mm&r=g","url":"https:\/\/secure.gravatar.com\/avatar\/51242c9e7cbd8a4a290d3e357f646828e11567e4f3958f79d43b8351b1dda904?s=96&d=mm&r=g","contentUrl":"https:\/\/secure.gravatar.com\/avatar\/51242c9e7cbd8a4a290d3e357f646828e11567e4f3958f79d43b8351b1dda904?s=96&d=mm&r=g","caption":"fu-admin"},"sameAs":["https:\/\/fundacjaukraina.eu"],"url":"https:\/\/fundacjaukraina.eu\/en\/author\/fu-admin\/"}]}},"author_meta":{"display_name":"fu-admin","author_link":"https:\/\/fundacjaukraina.eu\/en\/author\/fu-admin\/"},"featured_img":"https:\/\/fundacjaukraina.eu\/wp-content\/uploads\/2023\/01\/blog-workshops-600x300.jpg","coauthors":[],"tax_additional":{"categories":{"linked":["<a href=\"https:\/\/fundacjaukraina.eu\/en\/category\/fami-en\/\" class=\"advgb-post-tax-term\">FAMI<\/a>"],"unlinked":["<span class=\"advgb-post-tax-term\">FAMI<\/span>"]}},"comment_count":"0","relative_dates":{"created":"Posted 7 years ago","modified":"Updated 3 years ago"},"absolute_dates":{"created":"Posted on 2019-07-26","modified":"Updated on 2023-01-30"},"absolute_dates_time":{"created":"Posted on 2019-07-26 15:16","modified":"Updated on 2023-01-30 14:15"},"featured_img_caption":"","series_order":"","_links":{"self":[{"href":"https:\/\/fundacjaukraina.eu\/en\/wp-json\/wp\/v2\/posts\/3008","targetHints":{"allow":["GET"]}}],"collection":[{"href":"https:\/\/fundacjaukraina.eu\/en\/wp-json\/wp\/v2\/posts"}],"about":[{"href":"https:\/\/fundacjaukraina.eu\/en\/wp-json\/wp\/v2\/types\/post"}],"author":[{"embeddable":true,"href":"https:\/\/fundacjaukraina.eu\/en\/wp-json\/wp\/v2\/users\/1"}],"replies":[{"embeddable":true,"href":"https:\/\/fundacjaukraina.eu\/en\/wp-json\/wp\/v2\/comments?post=3008"}],"version-history":[{"count":1,"href":"https:\/\/fundacjaukraina.eu\/en\/wp-json\/wp\/v2\/posts\/3008\/revisions"}],"predecessor-version":[{"id":3082,"href":"https:\/\/fundacjaukraina.eu\/en\/wp-json\/wp\/v2\/posts\/3008\/revisions\/3082"}],"wp:featuredmedia":[{"embeddable":true,"href":"https:\/\/fundacjaukraina.eu\/en\/wp-json\/wp\/v2\/media\/403"}],"wp:attachment":[{"href":"https:\/\/fundacjaukraina.eu\/en\/wp-json\/wp\/v2\/media?parent=3008"}],"wp:term":[{"taxonomy":"category","embeddable":true,"href":"https:\/\/fundacjaukraina.eu\/en\/wp-json\/wp\/v2\/categories?post=3008"},{"taxonomy":"post_tag","embeddable":true,"href":"https:\/\/fundacjaukraina.eu\/en\/wp-json\/wp\/v2\/tags?post=3008"}],"curies":[{"name":"wp","href":"https:\/\/api.w.org\/{rel}","templated":true}]}}