{"id":2172,"date":"2020-03-02T10:14:40","date_gmt":"2020-03-02T09:14:40","guid":{"rendered":"https:\/\/fundacjaukraina.eu\/o-co-musi-zadbac-migrant-przyjezdzajac-do-polski\/"},"modified":"2023-06-20T09:26:46","modified_gmt":"2023-06-20T07:26:46","slug":"o-co-musi-zadbac-migrant-przyjezdzajac-do-polski","status":"publish","type":"post","link":"https:\/\/fundacjaukraina.eu\/uk\/o-co-musi-zadbac-migrant-przyjezdzajac-do-polski\/","title":{"rendered":"O co musi zadba\u0107 migrant, przyje\u017cd\u017caj\u0105c do Polski?"},"content":{"rendered":"<h6><b>Tym razem zesp\u00f3\u0142 Fundacji Ukraina we wsp\u00f3\u0142pracy z ekspertem prawnym przygotowa\u0142 pomocny artyku\u0142-instrukcj\u0119 dla osoby, kt\u00f3ra stawia swoje pierwsze kroki w nowym kraju i chce prawid\u0142owo zadba\u0107 o pobyt.<\/b><\/h6>\n<p><span style=\"font-weight: 400;\">\u00a0<\/span><\/p>\n<p><span style=\"font-weight: 400;\">Pocz\u0105tek pobytu w nowym kraju to zawsze swojego rodzaju wyzwanie. Za\u0142atwienie wszystkich niezb\u0119dnych dokument\u00f3w, poszukiwanie mieszkania i pracy zabiera mn\u00f3stwo czasu i si\u0142, a czasami nawet wprowadza w stan stresu. Aby proces ten przebieg\u0142 skutecznie i bezbole\u015bnie musimy mie\u0107 jasny plan dzia\u0142a\u0144. Zesp\u00f3\u0142 Fundacji Ukraina przeprowadzi\u0142 wywiad ze specjalist\u0105 prawnym, aby u\u0142atwi\u0107 pierwsze kroki migrant\u00f3w na terytorium Dolnego \u015al\u0105ska.<\/span><\/p>\n<p><span style=\"font-weight: 400;\">\u00a0<\/span><\/p>\n<p><span style=\"font-weight: 400;\">Odpowiedzi na pytanie\u00a0<\/span><b>\u201cO co musi zadba\u0107 migrant, przyje\u017cd\u017caj\u0105c do Polski?\u201d<\/b><span style=\"font-weight: 400;\">\u00a0udzieli\u0142 ekspert w dziedzinie prawa \u2014 kierownik dzia\u0142u prawnego Fundacji Ukraina i pracownik Honorowego Konsulatu Ukrainy \u2014 Bart\u0142omiej Potocki:<\/span><\/p>\n<p><span style=\"font-weight: 400;\">\u00a0<\/span><\/p>\n<p><span style=\"font-weight: 400;\">\u2014 W momencie wjazdu na teren Polski osoba, kt\u00f3ra przekracza granic\u0119, powinna zadba\u0107 o miejsce, w kt\u00f3rym si\u0119 zatrzyma, posiada\u0107 wa\u017cne ubezpieczenie zdrowotne i w jak najkr\u00f3tszym terminie wyrobi\u0107 meldunek i numer PESEL.<\/span><\/p>\n<p><span style=\"font-weight: 400;\">\u00a0<\/span><\/p>\n<h2><span style=\"font-weight: 400;\">\u2014\u00a0<\/span><b>Zaczniemy rozpatrzenie tematu od kwestii dotycz\u0105cych zamieszkania?<\/b><\/h2>\n<p><span style=\"font-weight: 400;\">\u00a0<\/span><\/p>\n<p><span style=\"font-weight: 400;\">\u2014 Najbardziej rozpowszechniony spos\u00f3b za\u0142atwienia miejsca zatrzymania to wynaj\u0119cie mieszkania lub pokoju. I tu musimy zadba\u0107 o podpisanie jasnej i zrozumia\u0142ej dla najemcy umowy o wynajmie powierzchni mieszkaniowej z w\u0142a\u015bcicielem lub osob\u0105 upowa\u017cnion\u0105 przez w\u0142a\u015bciciela do wynaj\u0119cia mieszkania, pami\u0119taj\u0105c o spisie wyposa\u017cenia w mieszkaniu i udokumentowaniu jego stanu. Tradycyjnie przy podpisaniu umowy wp\u0142acana jest r\u00f3wnie\u017c kaucja, musimy zadba\u0107 o to, \u017ceby w umowie by\u0142y opisane zasady zwrotu tej kaucji i ustalone warunki pobierania odszkodowania w przypadku zbytk\u00f3w.<\/span><\/p>\n<p><span style=\"font-weight: 400;\">\u00a0<\/span><\/p>\n<p><span style=\"font-weight: 400;\">Kolejn\u0105 istotn\u0105 rzecz\u0105 po znalezieniu miejsca tymczasowego pobytu jest obowi\u0105zek meldunkowy. Najp\u00f3\u017aniej 4. dnia pobytu w nowym miejscu zg\u0142aszamy si\u0119 do urz\u0119du gminy zgodnie z adresem. \u0141atwo znale\u017a\u0107 potrzebn\u0105 plac\u00f3wk\u0119 mo\u017cna tu:\u00a0<\/span><span style=\"color: #0000ff;\"><a style=\"color: #0000ff;\" href=\"https:\/\/www.gov.pl\/web\/gov\/sprawdz-gdzie-zalatwisz-swoja-sprawe\"><span style=\"font-weight: 400;\">https:\/\/www.gov.pl\/web\/gov\/sprawdz-gdzie-zalatwisz-swoja-sprawe<\/span><\/a><\/span><span style=\"font-weight: 400;\">. W urz\u0119dzie staramy si\u0119 o meldunek tymczasowy, kt\u00f3rego termin jest okre\u015blony prawem do pobytu (okres wa\u017cno\u015bci wizy, ruchu bezwizowego itd.). Przy pierwszym meldunku cudzoziemiec otrzymuje numer PESEL, kt\u00f3ry jest potrzebny do wielu czynno\u015bci cywilnoprawnych, w tym do starania si\u0119 o zezwolenie na pobyt czasowy. Je\u017celi tego nie zrobimy, grozi nam mandat karny zgodnie z kodeksem wykrocze\u0144.<\/span><\/p>\n<p><span style=\"font-weight: 400;\">\u00a0<\/span><\/p>\n<h2><span style=\"font-weight: 400;\">\u2014<\/span><b>\u00a0W jakim przypadku mo\u017cemy dosta\u0107 mandat za brak meldunku?<\/b><\/h2>\n<p><span style=\"font-weight: 400;\">\u00a0<\/span><\/p>\n<p><span style=\"font-weight: 400;\">\u2014 Dosta\u0107 mandat mo\u017cna podczas zatrzymania czy sprawdzania osoby przez policjant\u00f3w lub stra\u017cnik\u00f3w, w ci\u0105gu jakiego ujawni si\u0119 brak posiadania meldunku tymczasowego, albo podczas kontroli granicznej.<\/span><\/p>\n<p><span style=\"font-weight: 400;\">\u00a0<\/span><\/p>\n<h2><span style=\"font-weight: 400;\">\u2014\u00a0<\/span><b>Co musimy wiedzie\u0107 o ubezpieczeniu zdrowotnym?<\/b><\/h2>\n<p><span style=\"font-weight: 400;\">\u00a0<\/span><\/p>\n<p><span style=\"font-weight: 400;\">\u2014 Cudzoziemiec powinien by\u0107 ubezpieczony przez ca\u0142y czas pobytu na terenie RP. Ubezpieczenie zdrowotne jest niezb\u0119dne w przypadku wyst\u0105pienia kr\u00f3tkiej choroby lub obni\u017cenia zdolno\u015bci do pracy. W Polsce obok siebie istniej\u0105 dwa systemy ubezpiecze\u0144 zdrowotnych: publiczny , przedstawiony przez NFZ:\u00a0<\/span><span style=\"color: #0000ff;\"><a style=\"color: #0000ff;\" href=\"https:\/\/www.nfz-wroclaw.pl\/\"><span style=\"font-weight: 400;\">https:\/\/www.nfz-wroclaw.pl\/<\/span><\/a><\/span><span style=\"font-weight: 400;\">\u00a0i prywatny system abonamentowy typu Luxmed, Medicare. Brak ubezpieczenia powoduje pe\u0142n\u0105 odp\u0142atn\u0105 form\u0119 leczenia. Kilka dni w szpitalu bez ubezpieczenia mog\u0105 powodowa\u0107 wystawienie nawet kilkutysi\u0119cznego rachunku. W przypadku nieop\u0142acenia takiego d\u0142ugu nast\u0119puje post\u0119powanie komornicze i obci\u0105\u017cenie konta. Przy ponownym wje\u017adzie na teren RP kwota na pokrycie rachunku zostanie \u015bci\u0105gni\u0119ta z konta bankowego. Wybieraj\u0105c prywatne ubezpieczenie, musimy r\u00f3wnie\u017c pami\u0119ta\u0107 o rzetelnym przeczytaniu umowy, poniewa\u017c cz\u0119sto takie ubezpieczenie nie pokrywa leczenia w publicznych szpitalach, koszt\u00f3w transportu poszkodowanego i wielu innych rzeczy, kt\u00f3re zapewnia NFZ.<\/span><\/p>\n<p><span style=\"font-weight: 400;\">\u00a0<\/span><\/p>\n<h2><span style=\"font-weight: 400;\">\u2014\u00a0<\/span><b>W jaki spos\u00f3b osoba mo\u017ce si\u0119 ubezpieczy\u0107?<\/b><\/h2>\n<p><span style=\"font-weight: 400;\">\u00a0<\/span><\/p>\n<p><span style=\"font-weight: 400;\">\u2014 S\u0105 dwa sposoby uzyskania ubezpieczenia. Pierwszy to dobrowolne ubezpieczenie, przy kt\u00f3rym osoba samodzielnie podpisuje umow\u0119 z NFZ, a drugi to otrzymanie tytu\u0142u do ubezpieczenia \u2014 zg\u0142oszenie do NFZ przez pracodawc\u0119 lub uczelnie. Nale\u017cy pami\u0119ta\u0107, \u017ce im wcze\u015bniej zadbamy o ubezpieczenie dobrowolne, tym mniejsza b\u0119dzie kwota pobierana przez NFZ przy podpisaniu umowy. Z kolei pracodawca ma obowi\u0105zek zg\u0142osi\u0107 pracownika w ci\u0105gu 7 dni od rozpocz\u0119cia umowy do NFZ i ZUSu (Zak\u0142ad Ubezpiecze\u0144 Spo\u0142ecznych, zajmuje si\u0119 ubezpieczeniem w przypadkach d\u0142u\u017cszej niezdolno\u015bci do pracy w tym ci\u0105\u017cy, zasi\u0142ku macierzy\u0144skiego, emerytury itd.).<\/span><\/p>\n<p><span style=\"font-weight: 400;\">\u00a0<\/span><\/p>\n<h2><span style=\"font-weight: 400;\">\u2014\u00a0<\/span><b>Jak sprawdzi\u0107, czy pracodawca zg\u0142osi\u0142 nas do NFZ?<\/b><\/h2>\n<p><span style=\"font-weight: 400;\">\u00a0<\/span><\/p>\n<p><span style=\"font-weight: 400;\">\u2014 Nale\u017cy sprawdzi\u0107, czy jeste\u015bmy zg\u0142oszeni do zintegrowanego systemu EWU\u015a:\u00a0<\/span><span style=\"color: #0000ff;\"><a style=\"color: #0000ff;\" href=\"https:\/\/ewus.nfz.gov.pl\/ap-ewus\/\"><span style=\"font-weight: 400;\">https:\/\/ewus.nfz.gov.pl\/ap-ewus\/<\/span><\/a><\/span><span style=\"font-weight: 400;\">\u00a0albo wej\u015b\u0107 do elektronicznego systemu EPUAP:<span style=\"color: #0000ff;\">\u00a0<\/span><\/span><span style=\"color: #0000ff;\"><a style=\"color: #0000ff;\" href=\"https:\/\/pz.gov.pl\/dt\/login\/login?urlt=mk2ecb1gm8rs19rq9r8i\"><span style=\"font-weight: 400;\">https:\/\/pz.gov.pl<\/span><\/a><\/span><span style=\"font-weight: 400;\">. Aby si\u0119 zarejestrowa\u0107, musimy mie\u0107 numer PESEL i bankowo\u015b\u0107 elektroniczn\u0105 dla potwierdzania swojej to\u017csamo\u015bci cyfrowej. W tym systemie mo\u017cemy za\u0142atwi\u0107 online ka\u017cd\u0105 zmian\u0119 administracyjn\u0105, sprawdzi\u0107 posiadanie ubezpieczenia zdrowotnego i spo\u0142ecznego i poprawno\u015b\u0107 zg\u0142oszenia do urz\u0119du skarbowego.<\/span><\/p>\n<p><span style=\"font-weight: 400;\">\u00a0<\/span><\/p>\n<p><span style=\"font-weight: 400;\">Pilnowanie tych podstawowych krok\u00f3w pomo\u017ce ustali\u0107 pobyt na terytorium RP tak, aby on by\u0142 potraktowany jako legalny. W przypadku powstania jakichkolwiek pyta\u0144 zach\u0119camy do skorzystania z pomocy naszych konsultant\u00f3w i specjalist\u00f3w Infopunktu CUKR, kt\u00f3ry oferuje darmowe konsultacje dla obywateli pa\u0144stw trzecich:\u00a0<\/span><span style=\"color: #0000ff;\"><a style=\"color: #0000ff;\" href=\"https:\/\/fundacjaukraina.eu\/infopunkt-i-konsultacje-doradcow-i-specjalistow\/\"><span style=\"font-weight: 400;\">https:\/\/fundacjaukraina.eu\/infopunkt-i-konsultacje-doradcow-i-specjalistow\/<\/span><\/a><\/span><span style=\"font-weight: 400;\">.<\/span><\/p>\n<h3><\/h3>\n<img loading=\"lazy\" decoding=\"async\" class=\"aligncenter wp-image-8114 size-full\" src=\"https:\/\/fundacjaukraina.eu\/wp-content\/uploads\/2020\/02\/restart-footer-logos.png\" alt=\"restart\" width=\"6501\" height=\"776\" \/>\n<p style=\"text-align: center;\">Bezpieczna przysta\u0144<\/p>\n<p style=\"text-align: center;\">Projekt reSTART jest wsp\u00f3\u0142finansowany z Programu Krajowego Funduszu Azylu, Migracji i Integracji oraz bud\u017cetu pa\u0144stwa<\/p>\n<p style=\"text-align: center;\">Wy\u0142\u0105czna odpowiedzialno\u015b\u0107 za wyra\u017cone opinie spoczywa na autorze i Komisja Europejska oraz Ministerstwo Spraw Wewn\u0119trznych i Administracji nie ponosz\u0105 odpowiedzialno\u015bci za spos\u00f3b wykorzystania udost\u0119pnionych informacji<\/p>\n","protected":false},"excerpt":{"rendered":"<p>Tym razem zesp\u00f3\u0142 Fundacji Ukraina we wsp\u00f3\u0142pracy z ekspertem prawnym przygotowa\u0142 pomocny artyku\u0142-instrukcj\u0119 dla osoby, kt\u00f3ra stawia swoje pierwsze kroki w nowym kraju i chce prawid\u0142owo zadba\u0107 o pobyt. \u00a0 Pocz\u0105tek pobytu w nowym kraju to zawsze swojego rodzaju wyzwanie. Za\u0142atwienie wszystkich niezb\u0119dnych dokument\u00f3w, poszukiwanie mieszkania i pracy zabiera mn\u00f3stwo czasu i si\u0142, a czasami&#8230;<\/p>\n","protected":false},"author":1,"featured_media":2173,"comment_status":"closed","ping_status":"closed","sticky":false,"template":"","format":"standard","meta":{"_eb_attr":"","inline_featured_image":false,"advgb_blocks_editor_width":"","advgb_blocks_columns_visual_guide":"","footnotes":""},"categories":[65,84],"tags":[75],"class_list":["post-2172","post","type-post","status-publish","format-standard","has-post-thumbnail","hentry","category-restart","category-informigrants","tag-informigrants"],"yoast_head":"<!-- This site is optimized with the Yoast SEO plugin v27.4 - https:\/\/yoast.com\/product\/yoast-seo-wordpress\/ -->\n<title>O co musi zadba\u0107 migrant, przyje\u017cd\u017caj\u0105c do Polski? - Fundacja Ukraina<\/title>\n<meta name=\"robots\" content=\"index, follow, max-snippet:-1, max-image-preview:large, max-video-preview:-1\" \/>\n<link rel=\"canonical\" href=\"https:\/\/fundacjaukraina.eu\/uk\/o-co-musi-zadbac-migrant-przyjezdzajac-do-polski\/\" \/>\n<meta property=\"og:locale\" content=\"en_US\" \/>\n<meta property=\"og:type\" content=\"article\" \/>\n<meta property=\"og:title\" content=\"O co musi zadba\u0107 migrant, przyje\u017cd\u017caj\u0105c do Polski? - Fundacja Ukraina\" \/>\n<meta property=\"og:description\" content=\"Tym razem zesp\u00f3\u0142 Fundacji Ukraina we wsp\u00f3\u0142pracy z ekspertem prawnym przygotowa\u0142 pomocny artyku\u0142-instrukcj\u0119 dla osoby, kt\u00f3ra stawia swoje pierwsze kroki w nowym kraju i chce prawid\u0142owo zadba\u0107 o pobyt. \u00a0 Pocz\u0105tek pobytu w nowym kraju to zawsze swojego rodzaju wyzwanie. Za\u0142atwienie wszystkich niezb\u0119dnych dokument\u00f3w, poszukiwanie mieszkania i pracy zabiera mn\u00f3stwo czasu i si\u0142, a czasami...\" \/>\n<meta property=\"og:url\" content=\"https:\/\/fundacjaukraina.eu\/uk\/o-co-musi-zadbac-migrant-przyjezdzajac-do-polski\/\" \/>\n<meta property=\"og:site_name\" content=\"Fundacja Ukraina\" \/>\n<meta property=\"article:publisher\" content=\"https:\/\/www.facebook.com\/fundacja.ukraina\/\" \/>\n<meta property=\"article:published_time\" content=\"2020-03-02T09:14:40+00:00\" \/>\n<meta property=\"article:modified_time\" content=\"2023-06-20T07:26:46+00:00\" \/>\n<meta property=\"og:image\" content=\"https:\/\/fundacjaukraina.eu\/wp-content\/uploads\/2023\/01\/o-co-musi-zadbac-migrant-post-min-1.jpg\" \/>\n\t<meta property=\"og:image:width\" content=\"1920\" \/>\n\t<meta property=\"og:image:height\" content=\"1280\" \/>\n\t<meta property=\"og:image:type\" content=\"image\/jpeg\" \/>\n<meta name=\"author\" content=\"fu-admin\" \/>\n<meta name=\"twitter:card\" content=\"summary_large_image\" \/>\n<meta name=\"twitter:label1\" content=\"Written by\" \/>\n\t<meta name=\"twitter:data1\" content=\"fu-admin\" \/>\n\t<meta name=\"twitter:label2\" content=\"Est. reading time\" \/>\n\t<meta name=\"twitter:data2\" content=\"4 minutes\" \/>\n<script type=\"application\/ld+json\" class=\"yoast-schema-graph\">{\"@context\":\"https:\\\/\\\/schema.org\",\"@graph\":[{\"@type\":\"Article\",\"@id\":\"https:\\\/\\\/fundacjaukraina.eu\\\/uk\\\/o-co-musi-zadbac-migrant-przyjezdzajac-do-polski\\\/#article\",\"isPartOf\":{\"@id\":\"https:\\\/\\\/fundacjaukraina.eu\\\/uk\\\/o-co-musi-zadbac-migrant-przyjezdzajac-do-polski\\\/\"},\"author\":{\"name\":\"fu-admin\",\"@id\":\"https:\\\/\\\/fundacjaukraina.eu\\\/#\\\/schema\\\/person\\\/695dd52aaea89387b9eaa44ca3622e57\"},\"headline\":\"O co musi zadba\u0107 migrant, przyje\u017cd\u017caj\u0105c do Polski?\",\"datePublished\":\"2020-03-02T09:14:40+00:00\",\"dateModified\":\"2023-06-20T07:26:46+00:00\",\"mainEntityOfPage\":{\"@id\":\"https:\\\/\\\/fundacjaukraina.eu\\\/uk\\\/o-co-musi-zadbac-migrant-przyjezdzajac-do-polski\\\/\"},\"wordCount\":882,\"publisher\":{\"@id\":\"https:\\\/\\\/fundacjaukraina.eu\\\/#organization\"},\"image\":{\"@id\":\"https:\\\/\\\/fundacjaukraina.eu\\\/uk\\\/o-co-musi-zadbac-migrant-przyjezdzajac-do-polski\\\/#primaryimage\"},\"thumbnailUrl\":\"https:\\\/\\\/fundacjaukraina.eu\\\/wp-content\\\/uploads\\\/2023\\\/01\\\/o-co-musi-zadbac-migrant-post-min-1.jpg\",\"keywords\":[\"informigrants\"],\"articleSection\":[\"ReSTART\",\"Informigrants\"],\"inLanguage\":\"ua-UA\"},{\"@type\":\"WebPage\",\"@id\":\"https:\\\/\\\/fundacjaukraina.eu\\\/uk\\\/o-co-musi-zadbac-migrant-przyjezdzajac-do-polski\\\/\",\"url\":\"https:\\\/\\\/fundacjaukraina.eu\\\/uk\\\/o-co-musi-zadbac-migrant-przyjezdzajac-do-polski\\\/\",\"name\":\"O co musi zadba\u0107 migrant, przyje\u017cd\u017caj\u0105c do Polski? - Fundacja Ukraina\",\"isPartOf\":{\"@id\":\"https:\\\/\\\/fundacjaukraina.eu\\\/#website\"},\"primaryImageOfPage\":{\"@id\":\"https:\\\/\\\/fundacjaukraina.eu\\\/uk\\\/o-co-musi-zadbac-migrant-przyjezdzajac-do-polski\\\/#primaryimage\"},\"image\":{\"@id\":\"https:\\\/\\\/fundacjaukraina.eu\\\/uk\\\/o-co-musi-zadbac-migrant-przyjezdzajac-do-polski\\\/#primaryimage\"},\"thumbnailUrl\":\"https:\\\/\\\/fundacjaukraina.eu\\\/wp-content\\\/uploads\\\/2023\\\/01\\\/o-co-musi-zadbac-migrant-post-min-1.jpg\",\"datePublished\":\"2020-03-02T09:14:40+00:00\",\"dateModified\":\"2023-06-20T07:26:46+00:00\",\"breadcrumb\":{\"@id\":\"https:\\\/\\\/fundacjaukraina.eu\\\/uk\\\/o-co-musi-zadbac-migrant-przyjezdzajac-do-polski\\\/#breadcrumb\"},\"inLanguage\":\"ua-UA\",\"potentialAction\":[{\"@type\":\"ReadAction\",\"target\":[\"https:\\\/\\\/fundacjaukraina.eu\\\/uk\\\/o-co-musi-zadbac-migrant-przyjezdzajac-do-polski\\\/\"]}]},{\"@type\":\"ImageObject\",\"inLanguage\":\"ua-UA\",\"@id\":\"https:\\\/\\\/fundacjaukraina.eu\\\/uk\\\/o-co-musi-zadbac-migrant-przyjezdzajac-do-polski\\\/#primaryimage\",\"url\":\"https:\\\/\\\/fundacjaukraina.eu\\\/wp-content\\\/uploads\\\/2023\\\/01\\\/o-co-musi-zadbac-migrant-post-min-1.jpg\",\"contentUrl\":\"https:\\\/\\\/fundacjaukraina.eu\\\/wp-content\\\/uploads\\\/2023\\\/01\\\/o-co-musi-zadbac-migrant-post-min-1.jpg\",\"width\":1920,\"height\":1280,\"caption\":\"Na pierwszym planie stoi grupa kilku m\u0119\u017cczyzn w kole i rozmawia ze sob\u0105, w tle stoj\u0105 kobiety.\"},{\"@type\":\"BreadcrumbList\",\"@id\":\"https:\\\/\\\/fundacjaukraina.eu\\\/uk\\\/o-co-musi-zadbac-migrant-przyjezdzajac-do-polski\\\/#breadcrumb\",\"itemListElement\":[{\"@type\":\"ListItem\",\"position\":1,\"name\":\"Home\",\"item\":\"https:\\\/\\\/fundacjaukraina.eu\\\/uk\\\/\"},{\"@type\":\"ListItem\",\"position\":2,\"name\":\"O co musi zadba\u0107 migrant, przyje\u017cd\u017caj\u0105c do Polski?\"}]},{\"@type\":\"WebSite\",\"@id\":\"https:\\\/\\\/fundacjaukraina.eu\\\/#website\",\"url\":\"https:\\\/\\\/fundacjaukraina.eu\\\/\",\"name\":\"Fundacja Ukraina\",\"description\":\"Pracujemy z lud\u017ami i dla ludzi\",\"publisher\":{\"@id\":\"https:\\\/\\\/fundacjaukraina.eu\\\/#organization\"},\"potentialAction\":[{\"@type\":\"SearchAction\",\"target\":{\"@type\":\"EntryPoint\",\"urlTemplate\":\"https:\\\/\\\/fundacjaukraina.eu\\\/?s={search_term_string}\"},\"query-input\":{\"@type\":\"PropertyValueSpecification\",\"valueRequired\":true,\"valueName\":\"search_term_string\"}}],\"inLanguage\":\"ua-UA\"},{\"@type\":\"Organization\",\"@id\":\"https:\\\/\\\/fundacjaukraina.eu\\\/#organization\",\"name\":\"Fundacja Ukraina\",\"url\":\"https:\\\/\\\/fundacjaukraina.eu\\\/\",\"logo\":{\"@type\":\"ImageObject\",\"inLanguage\":\"ua-UA\",\"@id\":\"https:\\\/\\\/fundacjaukraina.eu\\\/#\\\/schema\\\/logo\\\/image\\\/\",\"url\":\"https:\\\/\\\/fundacjaukraina.eu\\\/wp-content\\\/uploads\\\/2023\\\/09\\\/fu-main.png\",\"contentUrl\":\"https:\\\/\\\/fundacjaukraina.eu\\\/wp-content\\\/uploads\\\/2023\\\/09\\\/fu-main.png\",\"width\":1200,\"height\":630,\"caption\":\"Fundacja Ukraina\"},\"image\":{\"@id\":\"https:\\\/\\\/fundacjaukraina.eu\\\/#\\\/schema\\\/logo\\\/image\\\/\"},\"sameAs\":[\"https:\\\/\\\/www.facebook.com\\\/fundacja.ukraina\\\/\",\"https:\\\/\\\/www.linkedin.com\\\/company\\\/fundacja-ukraina\"]},{\"@type\":\"Person\",\"@id\":\"https:\\\/\\\/fundacjaukraina.eu\\\/#\\\/schema\\\/person\\\/695dd52aaea89387b9eaa44ca3622e57\",\"name\":\"fu-admin\",\"image\":{\"@type\":\"ImageObject\",\"inLanguage\":\"ua-UA\",\"@id\":\"https:\\\/\\\/secure.gravatar.com\\\/avatar\\\/51242c9e7cbd8a4a290d3e357f646828e11567e4f3958f79d43b8351b1dda904?s=96&d=mm&r=g\",\"url\":\"https:\\\/\\\/secure.gravatar.com\\\/avatar\\\/51242c9e7cbd8a4a290d3e357f646828e11567e4f3958f79d43b8351b1dda904?s=96&d=mm&r=g\",\"contentUrl\":\"https:\\\/\\\/secure.gravatar.com\\\/avatar\\\/51242c9e7cbd8a4a290d3e357f646828e11567e4f3958f79d43b8351b1dda904?s=96&d=mm&r=g\",\"caption\":\"fu-admin\"},\"sameAs\":[\"https:\\\/\\\/fundacjaukraina.eu\"],\"url\":\"https:\\\/\\\/fundacjaukraina.eu\\\/uk\\\/author\\\/fu-admin\\\/\"}]}<\/script>\n<!-- \/ Yoast SEO plugin. -->","yoast_head_json":{"title":"O co musi zadba\u0107 migrant, przyje\u017cd\u017caj\u0105c do Polski? - Fundacja Ukraina","robots":{"index":"index","follow":"follow","max-snippet":"max-snippet:-1","max-image-preview":"max-image-preview:large","max-video-preview":"max-video-preview:-1"},"canonical":"https:\/\/fundacjaukraina.eu\/uk\/o-co-musi-zadbac-migrant-przyjezdzajac-do-polski\/","og_locale":"en_US","og_type":"article","og_title":"O co musi zadba\u0107 migrant, przyje\u017cd\u017caj\u0105c do Polski? - Fundacja Ukraina","og_description":"Tym razem zesp\u00f3\u0142 Fundacji Ukraina we wsp\u00f3\u0142pracy z ekspertem prawnym przygotowa\u0142 pomocny artyku\u0142-instrukcj\u0119 dla osoby, kt\u00f3ra stawia swoje pierwsze kroki w nowym kraju i chce prawid\u0142owo zadba\u0107 o pobyt. \u00a0 Pocz\u0105tek pobytu w nowym kraju to zawsze swojego rodzaju wyzwanie. Za\u0142atwienie wszystkich niezb\u0119dnych dokument\u00f3w, poszukiwanie mieszkania i pracy zabiera mn\u00f3stwo czasu i si\u0142, a czasami...","og_url":"https:\/\/fundacjaukraina.eu\/uk\/o-co-musi-zadbac-migrant-przyjezdzajac-do-polski\/","og_site_name":"Fundacja Ukraina","article_publisher":"https:\/\/www.facebook.com\/fundacja.ukraina\/","article_published_time":"2020-03-02T09:14:40+00:00","article_modified_time":"2023-06-20T07:26:46+00:00","og_image":[{"width":1920,"height":1280,"url":"https:\/\/fundacjaukraina.eu\/wp-content\/uploads\/2023\/01\/o-co-musi-zadbac-migrant-post-min-1.jpg","type":"image\/jpeg"}],"author":"fu-admin","twitter_card":"summary_large_image","twitter_misc":{"Written by":"fu-admin","Est. reading time":"4 minutes"},"schema":{"@context":"https:\/\/schema.org","@graph":[{"@type":"Article","@id":"https:\/\/fundacjaukraina.eu\/uk\/o-co-musi-zadbac-migrant-przyjezdzajac-do-polski\/#article","isPartOf":{"@id":"https:\/\/fundacjaukraina.eu\/uk\/o-co-musi-zadbac-migrant-przyjezdzajac-do-polski\/"},"author":{"name":"fu-admin","@id":"https:\/\/fundacjaukraina.eu\/#\/schema\/person\/695dd52aaea89387b9eaa44ca3622e57"},"headline":"O co musi zadba\u0107 migrant, przyje\u017cd\u017caj\u0105c do Polski?","datePublished":"2020-03-02T09:14:40+00:00","dateModified":"2023-06-20T07:26:46+00:00","mainEntityOfPage":{"@id":"https:\/\/fundacjaukraina.eu\/uk\/o-co-musi-zadbac-migrant-przyjezdzajac-do-polski\/"},"wordCount":882,"publisher":{"@id":"https:\/\/fundacjaukraina.eu\/#organization"},"image":{"@id":"https:\/\/fundacjaukraina.eu\/uk\/o-co-musi-zadbac-migrant-przyjezdzajac-do-polski\/#primaryimage"},"thumbnailUrl":"https:\/\/fundacjaukraina.eu\/wp-content\/uploads\/2023\/01\/o-co-musi-zadbac-migrant-post-min-1.jpg","keywords":["informigrants"],"articleSection":["ReSTART","Informigrants"],"inLanguage":"ua-UA"},{"@type":"WebPage","@id":"https:\/\/fundacjaukraina.eu\/uk\/o-co-musi-zadbac-migrant-przyjezdzajac-do-polski\/","url":"https:\/\/fundacjaukraina.eu\/uk\/o-co-musi-zadbac-migrant-przyjezdzajac-do-polski\/","name":"O co musi zadba\u0107 migrant, przyje\u017cd\u017caj\u0105c do Polski? - Fundacja Ukraina","isPartOf":{"@id":"https:\/\/fundacjaukraina.eu\/#website"},"primaryImageOfPage":{"@id":"https:\/\/fundacjaukraina.eu\/uk\/o-co-musi-zadbac-migrant-przyjezdzajac-do-polski\/#primaryimage"},"image":{"@id":"https:\/\/fundacjaukraina.eu\/uk\/o-co-musi-zadbac-migrant-przyjezdzajac-do-polski\/#primaryimage"},"thumbnailUrl":"https:\/\/fundacjaukraina.eu\/wp-content\/uploads\/2023\/01\/o-co-musi-zadbac-migrant-post-min-1.jpg","datePublished":"2020-03-02T09:14:40+00:00","dateModified":"2023-06-20T07:26:46+00:00","breadcrumb":{"@id":"https:\/\/fundacjaukraina.eu\/uk\/o-co-musi-zadbac-migrant-przyjezdzajac-do-polski\/#breadcrumb"},"inLanguage":"ua-UA","potentialAction":[{"@type":"ReadAction","target":["https:\/\/fundacjaukraina.eu\/uk\/o-co-musi-zadbac-migrant-przyjezdzajac-do-polski\/"]}]},{"@type":"ImageObject","inLanguage":"ua-UA","@id":"https:\/\/fundacjaukraina.eu\/uk\/o-co-musi-zadbac-migrant-przyjezdzajac-do-polski\/#primaryimage","url":"https:\/\/fundacjaukraina.eu\/wp-content\/uploads\/2023\/01\/o-co-musi-zadbac-migrant-post-min-1.jpg","contentUrl":"https:\/\/fundacjaukraina.eu\/wp-content\/uploads\/2023\/01\/o-co-musi-zadbac-migrant-post-min-1.jpg","width":1920,"height":1280,"caption":"Na pierwszym planie stoi grupa kilku m\u0119\u017cczyzn w kole i rozmawia ze sob\u0105, w tle stoj\u0105 kobiety."},{"@type":"BreadcrumbList","@id":"https:\/\/fundacjaukraina.eu\/uk\/o-co-musi-zadbac-migrant-przyjezdzajac-do-polski\/#breadcrumb","itemListElement":[{"@type":"ListItem","position":1,"name":"Home","item":"https:\/\/fundacjaukraina.eu\/uk\/"},{"@type":"ListItem","position":2,"name":"O co musi zadba\u0107 migrant, przyje\u017cd\u017caj\u0105c do Polski?"}]},{"@type":"WebSite","@id":"https:\/\/fundacjaukraina.eu\/#website","url":"https:\/\/fundacjaukraina.eu\/","name":"Fundacja Ukraina","description":"Pracujemy z lud\u017ami i dla ludzi","publisher":{"@id":"https:\/\/fundacjaukraina.eu\/#organization"},"potentialAction":[{"@type":"SearchAction","target":{"@type":"EntryPoint","urlTemplate":"https:\/\/fundacjaukraina.eu\/?s={search_term_string}"},"query-input":{"@type":"PropertyValueSpecification","valueRequired":true,"valueName":"search_term_string"}}],"inLanguage":"ua-UA"},{"@type":"Organization","@id":"https:\/\/fundacjaukraina.eu\/#organization","name":"Fundacja Ukraina","url":"https:\/\/fundacjaukraina.eu\/","logo":{"@type":"ImageObject","inLanguage":"ua-UA","@id":"https:\/\/fundacjaukraina.eu\/#\/schema\/logo\/image\/","url":"https:\/\/fundacjaukraina.eu\/wp-content\/uploads\/2023\/09\/fu-main.png","contentUrl":"https:\/\/fundacjaukraina.eu\/wp-content\/uploads\/2023\/09\/fu-main.png","width":1200,"height":630,"caption":"Fundacja Ukraina"},"image":{"@id":"https:\/\/fundacjaukraina.eu\/#\/schema\/logo\/image\/"},"sameAs":["https:\/\/www.facebook.com\/fundacja.ukraina\/","https:\/\/www.linkedin.com\/company\/fundacja-ukraina"]},{"@type":"Person","@id":"https:\/\/fundacjaukraina.eu\/#\/schema\/person\/695dd52aaea89387b9eaa44ca3622e57","name":"fu-admin","image":{"@type":"ImageObject","inLanguage":"ua-UA","@id":"https:\/\/secure.gravatar.com\/avatar\/51242c9e7cbd8a4a290d3e357f646828e11567e4f3958f79d43b8351b1dda904?s=96&d=mm&r=g","url":"https:\/\/secure.gravatar.com\/avatar\/51242c9e7cbd8a4a290d3e357f646828e11567e4f3958f79d43b8351b1dda904?s=96&d=mm&r=g","contentUrl":"https:\/\/secure.gravatar.com\/avatar\/51242c9e7cbd8a4a290d3e357f646828e11567e4f3958f79d43b8351b1dda904?s=96&d=mm&r=g","caption":"fu-admin"},"sameAs":["https:\/\/fundacjaukraina.eu"],"url":"https:\/\/fundacjaukraina.eu\/uk\/author\/fu-admin\/"}]}},"author_meta":{"display_name":"fu-admin","author_link":"https:\/\/fundacjaukraina.eu\/uk\/author\/fu-admin\/"},"featured_img":"https:\/\/fundacjaukraina.eu\/wp-content\/uploads\/2023\/01\/o-co-musi-zadbac-migrant-post-min-1-600x400.jpg","coauthors":[],"tax_additional":{"categories":{"linked":["<a href=\"https:\/\/fundacjaukraina.eu\/uk\/category\/restart\/\" class=\"advgb-post-tax-term\">ReSTART<\/a>","<a href=\"https:\/\/fundacjaukraina.eu\/uk\/category\/informigrants\/\" class=\"advgb-post-tax-term\">Informigrants<\/a>"],"unlinked":["<span class=\"advgb-post-tax-term\">ReSTART<\/span>","<span class=\"advgb-post-tax-term\">Informigrants<\/span>"]},"tags":{"linked":["<a href=\"https:\/\/fundacjaukraina.eu\/uk\/category\/informigrants\/\" class=\"advgb-post-tax-term\">informigrants<\/a>"],"unlinked":["<span class=\"advgb-post-tax-term\">informigrants<\/span>"]}},"comment_count":"0","relative_dates":{"created":"Posted 6 years ago","modified":"Updated 3 years ago"},"absolute_dates":{"created":"Posted on 2020-03-02","modified":"Updated on 2023-06-20"},"absolute_dates_time":{"created":"Posted on 2020-03-02 10:14","modified":"Updated on 2023-06-20 09:26"},"featured_img_caption":"","series_order":"","_links":{"self":[{"href":"https:\/\/fundacjaukraina.eu\/uk\/wp-json\/wp\/v2\/posts\/2172","targetHints":{"allow":["GET"]}}],"collection":[{"href":"https:\/\/fundacjaukraina.eu\/uk\/wp-json\/wp\/v2\/posts"}],"about":[{"href":"https:\/\/fundacjaukraina.eu\/uk\/wp-json\/wp\/v2\/types\/post"}],"author":[{"embeddable":true,"href":"https:\/\/fundacjaukraina.eu\/uk\/wp-json\/wp\/v2\/users\/1"}],"replies":[{"embeddable":true,"href":"https:\/\/fundacjaukraina.eu\/uk\/wp-json\/wp\/v2\/comments?post=2172"}],"version-history":[{"count":2,"href":"https:\/\/fundacjaukraina.eu\/uk\/wp-json\/wp\/v2\/posts\/2172\/revisions"}],"predecessor-version":[{"id":4101,"href":"https:\/\/fundacjaukraina.eu\/uk\/wp-json\/wp\/v2\/posts\/2172\/revisions\/4101"}],"wp:featuredmedia":[{"embeddable":true,"href":"https:\/\/fundacjaukraina.eu\/uk\/wp-json\/wp\/v2\/media\/2173"}],"wp:attachment":[{"href":"https:\/\/fundacjaukraina.eu\/uk\/wp-json\/wp\/v2\/media?parent=2172"}],"wp:term":[{"taxonomy":"category","embeddable":true,"href":"https:\/\/fundacjaukraina.eu\/uk\/wp-json\/wp\/v2\/categories?post=2172"},{"taxonomy":"post_tag","embeddable":true,"href":"https:\/\/fundacjaukraina.eu\/uk\/wp-json\/wp\/v2\/tags?post=2172"}],"curies":[{"name":"wp","href":"https:\/\/api.w.org\/{rel}","templated":true}]}}