{"id":2413,"date":"2020-11-30T20:26:40","date_gmt":"2020-11-30T19:26:40","guid":{"rendered":"https:\/\/fundacjaukraina.eu\/ubezpieczenie-zdrowotne-cudzoziemcow\/"},"modified":"2023-06-20T09:26:46","modified_gmt":"2023-06-20T07:26:46","slug":"ubezpieczenie-zdrowotne-cudzoziemcow","status":"publish","type":"post","link":"https:\/\/fundacjaukraina.eu\/uk\/ubezpieczenie-zdrowotne-cudzoziemcow\/","title":{"rendered":"Ubezpieczenie zdrowotne cudzoziemc\u00f3w"},"content":{"rendered":"<h6><b><i>Ubezpieczenie zdrowotne jest podstawow\u0105 przes\u0142ank\u0105 dla cudzoziemca, kt\u00f3ry planuje przenie\u015b\u0107 sw\u00f3j pobyt na\u00a0 terytorium Polski. Jednak\u017ce w praktyce do\u015b\u0107 cz\u0119sto powstaj\u0105 liczne pytania zwi\u0105zane z konieczno\u015bci\u0105 posiadania ubezpieczenia i warunk\u00f3w leczenia dla obcokrajowc\u00f3w. Fundacja Ukraina wsp\u00f3lnie z Piotrem Potockim stworzyli artyku\u0142, kt\u00f3ry wyja\u015bni wszystkie aspekty dotycz\u0105ce ubezpieczenia zdrowotnego cudzoziemc\u00f3w!\u00a0\u00a0<\/i><\/b><\/h6>\n<p><span style=\"font-weight: 400;\">\u00a0<\/span><\/p>\n<p><span style=\"font-weight: 400;\">Najcz\u0119stsze wyszukane \u017cyczenia sk\u0142adane drugiej osobie w Polsce przy niemal ka\u017cdej okazji brzmi\u0105 zwykle: \u201eZdrowia, zdrowia i pieni\u0119dzy, bo jak zdrowie jest najwa\u017cniejsze\u201d. M\u0105dro\u015b\u0107 ludowa bywa nieoceniona, dlatego i do tych \u017cycze\u0144 nie mo\u017cna mie\u0107 \u017cadnych zastrze\u017ce\u0144.\u00a0<\/span><\/p>\n<h3><b>Zasady nabywania i utrzymywania statusu ubezpieczonego na terytorium Polski<\/b><\/h3>\n<p><span style=\"font-weight: 400;\">Jednak\u017ce czasami zdarza si\u0119, \u017ce tego przys\u0142owiowego zdrowia zaczyna brakowa\u0107. Na taki w\u0142a\u015bnie wypadek nale\u017cy si\u0119 przygotowa\u0107 i zabezpieczy\u0107 tak, aby nie zaskoczy\u0142y nas koszty ewentualnego leczenia. Z tego te\u017c powodu, w tym artykule czytelnik b\u0119dzie m\u00f3g\u0142 znale\u017a\u0107 najwa\u017cniejsze informacje dotycz\u0105ce zasad nabywania i utrzymywania statusu ubezpieczonego na terytorium Polski, tak aby ewentualna choroba i jej konsekwencje nie by\u0142y ju\u017c nigdy przykr\u0105 niespodziank\u0105.\u00a0<\/span><\/p>\n<p><span style=\"font-weight: 400;\">Choroby i nieszcz\u0119\u015bliwe wypadki to nasza przykra codzienno\u015b\u0107, dlatego musimy pami\u0119ta\u0107, \u017ce przebywaj\u0105c na terytorium Polski, dla w\u0142asnego bezpiecze\u0144stwa cudzoziemiec powinien ca\u0142y czas podlega\u0107 ubezpieczeniu zdrowotnemu i to nie tylko na wypadek podj\u0119cia leczenia, ale r\u00f3wnie\u017c ze wzgl\u0119du na ustawowy obowi\u0105zek, kt\u00f3ry musi spe\u0142ni\u0107. Z tego powodu cudzoziemiec wje\u017cd\u017caj\u0105cy do Polski powinien posiada\u0107 podr\u00f3\u017cne ubezpieczenie medyczne albo prawo do ubezpieczenia zdrowotnego w Polsce.\u00a0<\/span><\/p>\n<h3><\/h3>\n<h3><b>30.000 euro &#8211; minimalna kwota ubezpieczenia dla cudzoziemca\u00a0<\/b><\/h3>\n<p><span style=\"font-weight: 400;\">Oznacza to, \u017ce cudzoziemiec przekraczaj\u0105cy granic\u0119 na podstawie wizy w celu wykonywania pracy, kt\u00f3ry nie podlega jeszcze ubezpieczeniu zdrowotnemu z jakiego\u015b innego tytu\u0142u (np. nie pracuje jeszcze w Polsce lub nie jest cz\u0142onkiem rodziny osoby pracuj\u0105cej) obowi\u0105zany jest posiada\u0107 i okazywa\u0107 dow\u00f3d ubezpieczenia medycznego o minimalnej kwocie ubezpieczenia w wysoko\u015bci 30.000 euro, wa\u017cnego do dnia uzyskania przez niego ubezpieczenia zdrowotnego, pokrywaj\u0105cego wszelkie wydatki, kt\u00f3re mog\u0105 wynikn\u0105\u0107 podczas pobytu w Polsce, w zwi\u0105zku z konieczno\u015bci\u0105 podr\u00f3\u017cy powrotnej z powod\u00f3w medycznych, potrzeb\u0105 pilnej pomocy medycznej, nag\u0142ym leczeniem szpitalnym lub ze \u015bmierci\u0105. Uprzedzaj\u0105c ewentualne pytanie, warto doda\u0107, \u017ce kwota 30.000 euro, to nie cena ubezpieczenia medycznego, ale maksymalna warto\u015b\u0107 \u015bwiadcze\u0144 opieki zdrowotnej, jakie cudzoziemiec mo\u017ce otrzyma\u0107. Sam koszt uzyskania takiego ubezpieczenia jest oczywi\u015bcie znacznie ni\u017cszy.\u00a0\u00a0\u00a0<\/span><\/p>\n<p><span style=\"font-weight: 400;\">Podkre\u015bli\u0107 trzeba tak\u017ce, i\u017c brak \u015brodk\u00f3w finansowych wystarczaj\u0105cych na pokrycie koszt\u00f3w planowanego pobytu oraz podr\u00f3\u017cy powrotnej do pa\u0144stwa pochodzenia, lub brak dokumentu potwierdzaj\u0105cego posiadanie ubezpieczenia medycznego stanowi przes\u0142ank\u0119 wydania wobec cudzoziemca decyzji o zobowi\u0105zaniu go do powrotu. Tylko wyj\u0105tkowo \u2013 i w wypadkach zagro\u017cenia zdrowia \u2013 mo\u017cna takiego cudzoziemca nie przekazywa\u0107 do pa\u0144stwa trzeciego i zapewni\u0107 mu leczenie, kt\u00f3rego koszt pokryje polska administracja.\u00a0<\/span><\/p>\n<p><span style=\"font-weight: 400;\">Ponadto, je\u017celi to tylko mo\u017cliwe, nale\u017cy pami\u0119ta\u0107, \u017ce przebywaj\u0105c ju\u017c w Polsce, cudzoziemiec powinien stale podlega\u0107 ochronie ubezpieczeniowej, co pozwoli mu bez widma bankructwa i strachu korzysta\u0107 ze \u015bwiadcze\u0144 opieki medycznej, oraz jest to warunek jego dalszego legalnego pobytu na terytorium RP.\u00a0<\/span><\/p>\n<p><span style=\"font-weight: 400;\">Przechodz\u0105c do rzeczy, do korzystania ze \u015bwiadcze\u0144 opieki zdrowotnej finansowanych ze \u015brodk\u00f3w publicznych na zasadach okre\u015blonych w ustawie maj\u0105 prawo osoby obj\u0119te powszechnym \u2013 obowi\u0105zkowym \u2013 lub dobrowolnym ubezpieczeniem zdrowotnym. W szczeg\u00f3lno\u015bci nale\u017cy zaznaczy\u0107, i\u017c cudzoziemcy nieposiadaj\u0105cy obywatelstwa pa\u0144stwa cz\u0142onkowskiego UE, EFTA lub EOG (np. obywatele Ukrainy), kt\u00f3rzy przebywaj\u0105 na terytorium RP na podstawie wizy w celu wykonywania pracy, zezwolenia na pobyt czasowy, zezwolenia na pobyt sta\u0142y, zezwolenia na pobyt rezydenta d\u0142ugoterminowego Unii Europejskiej, zgody na pobyt ze wzgl\u0119d\u00f3w humanitarnych, lub zgody na pobyt tolerowany r\u00f3wnie\u017c korzystaj\u0105 z dobrodziejstwa ubezpieczenia zdrowotnego na takich samych zasadach jak obywatele polscy.\u00a0<\/span><\/p>\n<h3><b>Kto nie musi mie\u0107 \u201ew\u0142asny\u201d tytu\u0142 ubezpieczenia?<\/b><\/h3>\n<p><span style=\"font-weight: 400;\">Ponadto osobami ubezpieczonymi s\u0105 r\u00f3wnie\u017c uczniowie, studenci, doktoranci oraz zamieszkuj\u0105cy na terytorium RP cz\u0142onkowie rodzin os\u00f3b posiadaj\u0105cych w\u0142asny tytu\u0142 do ubezpieczenia. Cz\u0142onkowie rodzin tych os\u00f3b niejako \u201ekorzystaj\u0105\u201d z ubezpieczenia np. pracownika lub studenta i sami nie musz\u0105 uzyskiwa\u0107 \u201ew\u0142asnego\u201d tytu\u0142u ubezpieczeniowego.\u00a0<\/span><\/p>\n<p><span style=\"font-weight: 400;\">Pod poj\u0119ciem cz\u0142onka rodziny rozumie si\u0119:<\/span><\/p>\n<ol>\n<li style=\"font-weight: 400;\"><span style=\"font-weight: 400;\">dziecko w\u0142asne, dziecko ma\u0142\u017conka, dziecko przysposobione, wnuka albo dziecko obce, dla kt\u00f3rego ustanowiono opiek\u0119, albo dziecko obce w ramach rodziny zast\u0119pczej, do uko\u0144czenia przez nie 18 lat, a je\u017celi kszta\u0142ci si\u0119 dalej \u2013 do uko\u0144czenia 26 lat, natomiast je\u017celi posiada orzeczenie o znacznym stopniu niepe\u0142nosprawno\u015bci lub inne traktowane na r\u00f3wni \u2013 bez ograniczenia wieku,<\/span><\/li>\n<li style=\"font-weight: 400;\"><span style=\"font-weight: 400;\">ma\u0142\u017conka,<\/span><\/li>\n<li style=\"font-weight: 400;\"><span style=\"font-weight: 400;\">wst\u0119pnych pozostaj\u0105cych z ubezpieczonym we wsp\u00f3lnym gospodarstwie domowym, tj. zamieszkuj\u0105ce z ubezpieczonym.<\/span><\/li>\n<\/ol>\n<p><span style=\"font-weight: 400;\">Wy\u017cej wymienione podmioty, chocia\u017c same nie posiadaj\u0105 samodzielnego tytu\u0142u ubezpieczeniowego, to bezpiecznie korzysta\u0107 z leczenia i hospitalizacji.<\/span><\/p>\n<p><span style=\"font-weight: 400;\">Podsumowuj\u0105c, osoby posiadaj\u0105ce tytu\u0142 do opieki ubezpieczeniowej i przyk\u0142adowo uiszczaj\u0105cy w wynagrodzeniu odpowiednie sk\u0142adki, a tak\u017ce cz\u0142onkowie ich rodzin mog\u0105 w sytuacji choroby lub nieszcz\u0119\u015bliwego wypadku skorzysta\u0107 z takich samych \u015bwiadcze\u0144 jak obywatele polscy, tj. w szczeg\u00f3lno\u015bci \u015bwiadcze\u0144:<\/span><\/p>\n<ol>\n<li style=\"font-weight: 400;\"><span style=\"font-weight: 400;\">podstawowej opieki zdrowotnej,<\/span><\/li>\n<li style=\"font-weight: 400;\"><span style=\"font-weight: 400;\">ambulatoryjnej opieki specjalistycznej,<\/span><\/li>\n<li style=\"font-weight: 400;\"><span style=\"font-weight: 400;\">leczenia szpitalnego,<\/span><\/li>\n<li style=\"font-weight: 400;\"><span style=\"font-weight: 400;\">rehabilitacji leczniczej,<\/span><\/li>\n<li style=\"font-weight: 400;\"><span style=\"font-weight: 400;\">leczenia stomatologicznego,<\/span><\/li>\n<li style=\"font-weight: 400;\"><span style=\"font-weight: 400;\">zaopatrzenia w wyroby medyczne i w leki.<\/span><\/li>\n<\/ol>\n<h4><b>483,46 z\u0142 &#8211; obecna kwota sk\u0142adki\u00a0 na ubezpieczenie zdrowotne<\/b><\/h4>\n<p><span style=\"font-weight: 400;\">Niemniej jednak czasami mo\u017ce zdarzy\u0107 si\u0119, i\u017c z r\u00f3\u017cnych przyczyn cudzoziemiec utraci prawo do obowi\u0105zkowego ubezpieczenia zdrowotnego. W takiej sytuacji nie powinien jednak za\u0142amywa\u0107 r\u0105k i niezw\u0142ocznie ubezpieczy\u0107 si\u0119 dobrowolnie w odpowiednim regionalnym oddziale NFZ. Podstaw\u0119 wymiaru sk\u0142adki na ubezpieczenie dobrowolne stanowi kwota deklarowanego miesi\u0119cznego dochodu takiego cudzoziemca, nie ni\u017csza jednak od kwoty przeci\u0119tnego miesi\u0119cznego wynagrodzenia. Co do zasady miesi\u0119czna sk\u0142adka na ubezpieczenie zdrowotne wynosi w\u00f3wczas 483,46 z\u0142 i co najmniej tak\u0105 kwot\u0119 powinien p\u0142aci\u0107 ubezpieczony. Warto nawet op\u0142aca\u0107 sk\u0142adk\u0119 na ubezpieczenie dobrowolne, pomimo chwilowego nieosi\u0105gania \u017cadnych dochod\u00f3w.\u00a0<\/span><\/p>\n<h3><b>Dobrowolne ubezpieczenie zdrowotne<\/b><\/h3>\n<p><span style=\"font-weight: 400;\">Sk\u0142adaj\u0105c pisemny wniosek o obj\u0119cie dobrowolnym ubezpieczeniem zdrowotnym we w\u0142a\u015bciwym ze wzgl\u0119du na miejsce zamieszkania Oddziale Wojew\u00f3dzkim NFZ, nale\u017cy przedstawi\u0107 dokument to\u017csamo\u015bci oraz dokument wskazuj\u0105cy dat\u0119 zako\u0144czenia poprzedniego ubezpieczenia. Mo\u017ce nim by\u0107 np. \u015bwiadectwo pracy lub za\u015bwiadczenie z zak\u0142adu pracy potwierdzaj\u0105ce zako\u0144czenie ubezpieczenia oraz ostatni raport miesi\u0119czny o sk\u0142adkach (druk ZUS RMUA).\u00a0<\/span><\/p>\n<p><span style=\"font-weight: 400;\">Na podstawie wniosku o dobrowolne ubezpieczenie zdrowotne zawierana jest umowa, kt\u00f3ra uprawnia ubezpieczonego i uprawnionych cz\u0142onk\u00f3w rodziny (kt\u00f3rych wymieniono powy\u017cej) do bezp\u0142atnych \u015bwiadcze\u0144 zdrowotnych, pod warunkiem terminowego op\u0142acania sk\u0142adki. Umowa zawierana jest na czas nieokre\u015blony. W przypadku gdy okres niesk\u0142adkowy, w kt\u00f3rym cudzoziemiec nie by\u0142 ubezpieczony, wyni\u00f3s\u0142 3 miesi\u0105ce lub wi\u0119cej, obj\u0119cie ubezpieczeniem dobrowolnym uzale\u017cnione jest od wniesienia op\u0142aty dodatkowej w odpowiedniej wysoko\u015bci, jednak\u017ce uzasadnionych przypadkach ubezpieczony mo\u017ce wyst\u0105pi\u0107 do Dyrektora Oddzia\u0142u NFZ z wnioskiem o odst\u0105pienie od pobrania op\u0142aty dodatkowej lub roz\u0142o\u017cenie jej na raty. Wniosek o odst\u0105pienie od pobieranie op\u0142aty dodatkowej mo\u017ce by\u0107 motywowany w szczeg\u00f3lno\u015bci trudn\u0105 sytuacj\u0105 finansow\u0105 ubezpieczonego.\u00a0\u00a0<\/span><\/p>\n<h3><b>Leczenie koronawirusa dla obcokrajowca<\/b><\/h3>\n<p><span style=\"font-weight: 400;\">W obecnym czasie powszechnej pandemii wirusa SARS-CoV-2 (koronawirusa) sen z powiek sp\u0119dza wszystkim kwestia usuwania negatywnych skutk\u00f3w tej choroby oraz innych chor\u00f3b zaka\u017anych. W takiej sytuacji dobr\u0105 wiadomo\u015bci\u0105 jest, i\u017c Polska zapewnia ka\u017cdej osobie przebywaj\u0105cej na terytorium RP podstawow\u0105 opiek\u0119 w tym zakresie, niezale\u017cnie od posiadanego obywatelstwa lub obj\u0119cia ochron\u0105 ubezpieczeniow\u0105. W celu zapobiegania oraz zwalczania zaka\u017cenia koronawirusem i rozprzestrzeniania si\u0119 choroby COVID-19, osoby, podejrzane o zaka\u017cenie lub zachorowanie, nara\u017cone na zaka\u017cenie przez styczno\u015b\u0107 z osobami zaka\u017conymi, chorymi lub materia\u0142em zaka\u017anym, obowi\u0105zkowo podlegaj\u0105 nieodp\u0142atnie, m.in.:<\/span><\/p>\n<ol>\n<li style=\"font-weight: 400;\"><span style=\"font-weight: 400;\">badaniom sanitarno-epidemiologicznym,<\/span><\/li>\n<li style=\"font-weight: 400;\"><span style=\"font-weight: 400;\">hospitalizacji,<\/span><\/li>\n<li style=\"font-weight: 400;\"><span style=\"font-weight: 400;\">izolacji,<\/span><\/li>\n<li style=\"font-weight: 400;\"><span style=\"font-weight: 400;\">izolacji w warunkach domowych,<\/span><\/li>\n<li style=\"font-weight: 400;\"><span style=\"font-weight: 400;\">kwarantannie,<\/span><\/li>\n<li style=\"font-weight: 400;\"><span style=\"font-weight: 400;\">nadzorowi epidemiologicznemu.<\/span><\/li>\n<\/ol>\n<p><span style=\"font-weight: 400;\">Z tego te\u017c powodu cudzoziemiec, kt\u00f3ry podejrzewa u siebie zaka\u017cenie koronawirusem powinien niezw\u0142ocznie skierowa\u0107 si\u0119 na badania, nie boj\u0105c si\u0119 poniesienia koszt\u00f3w ewentualnego leczenia lub hospitalizacji.\u00a0<\/span><\/p>\n<p><span style=\"font-weight: 400;\">Podsumowuj\u0105c, niezwykle wa\u017cne jest, aby przebywaj\u0105c na terytorium Polski pami\u0119ta\u0107 o ubezpieczeniu zdrowotnym, poniewa\u017c pozwoli to unikn\u0105\u0107 przykrej finansowej niespodzianki, gdyby zasz\u0142a konieczno\u015b\u0107 skorzystania z leczenia, a tak\u017ce jest warunkiem legalnego pobytu w Polsce.\u00a0<\/span><\/p>\n<h3><b>B\u0105d\u017a w kontakcie z Fundacj\u0105 Ukraina!<\/b><\/h3>\n<p><span style=\"font-weight: 400;\">W razie pytan na temat zawarcia umowy ubezpieczeniowej dla obcokrajowca w Polsce prosimy skontaktowa\u0107 si\u0119 ze specjalistami Fundacji Ukraina za po\u015brednictwem sieci spo\u0142eczno\u015bciowych.\u00a0\u00a0<\/span><\/p>\n<p><span style=\"font-weight: 400;\">Facebook: <a href=\"https:\/\/www.facebook.com\/CUKR.Wroclaw\">https:\/\/www.facebook.com\/CUKR.Wroclaw<\/a>\/ i <a href=\"https:\/\/www.facebook.com\/fundacja.ukraina\/\">https:\/\/www.facebook.com\/fundacja.ukraina\/<\/a>.<\/span><\/p>\n<p><span style=\"font-weight: 400;\">Instagram: <a href=\"https:\/\/www.instagram.com\/cukr.wroclaw\/\">https:\/\/www.instagram.com\/cukr.wroclaw\/<\/a><\/span><\/p>\n<p><span style=\"font-weight: 400;\">YouTube: <a href=\"https:\/\/www.youtube.com\/channel\/UCS9Afcq5gYybQwMTOvfeGXg\">https:\/\/www.youtube.com\/channel\/UCS9Afcq5gYybQwMTOvfeGXg<\/a>.<\/span><\/p>\n<p><span style=\"font-weight: 400;\">Artyku\u0142 powsta\u0142 w ramach projektu reSTART, kt\u00f3ry jest wsp\u00f3\u0142finansowany z Funduszu Azylu, Migracji i Integracji oraz bud\u017cetu pa\u0144stwa.<\/span><\/p>\n<p>Bezpieczna przysta\u0144<\/p>\n<p>Wy\u0142\u0105czna odpowiedzialno\u015b\u0107 za wyra\u017cone opinie spoczywa na autorze i Komisja Europejska oraz Ministerstwo Spraw Wewn\u0119trznych i Administracji nie ponosz\u0105 odpowiedzialno\u015bci za spos\u00f3b wykorzystania udost\u0119pnionych informacji<\/p>\n<img loading=\"lazy\" decoding=\"async\" class=\"alignnone size-full wp-image-8114\" src=\"https:\/\/fundacjaukraina.eu\/wp-content\/uploads\/2020\/02\/restart-footer-logos.png\" alt=\"restart\" width=\"6501\" height=\"776\" \/>\n","protected":false},"excerpt":{"rendered":"<p>Ubezpieczenie zdrowotne jest podstawow\u0105 przes\u0142ank\u0105 dla cudzoziemca, kt\u00f3ry planuje przenie\u015b\u0107 sw\u00f3j pobyt na\u00a0 terytorium Polski. Jednak\u017ce w praktyce do\u015b\u0107 cz\u0119sto powstaj\u0105 liczne pytania zwi\u0105zane z konieczno\u015bci\u0105 posiadania ubezpieczenia i warunk\u00f3w leczenia dla obcokrajowc\u00f3w. Fundacja Ukraina wsp\u00f3lnie z Piotrem Potockim stworzyli artyku\u0142, kt\u00f3ry wyja\u015bni wszystkie aspekty dotycz\u0105ce ubezpieczenia zdrowotnego cudzoziemc\u00f3w!\u00a0\u00a0 \u00a0 Najcz\u0119stsze wyszukane \u017cyczenia sk\u0142adane drugiej&#8230;<\/p>\n","protected":false},"author":1,"featured_media":2414,"comment_status":"closed","ping_status":"closed","sticky":false,"template":"","format":"standard","meta":{"_eb_attr":"","inline_featured_image":false,"advgb_blocks_editor_width":"","advgb_blocks_columns_visual_guide":"","footnotes":""},"categories":[65,84],"tags":[75],"class_list":["post-2413","post","type-post","status-publish","format-standard","has-post-thumbnail","hentry","category-restart","category-informigrants","tag-informigrants"],"yoast_head":"<!-- This site is optimized with the Yoast SEO plugin v27.4 - https:\/\/yoast.com\/product\/yoast-seo-wordpress\/ -->\n<title>Ubezpieczenie zdrowotne cudzoziemc\u00f3w - Fundacja Ukraina<\/title>\n<meta name=\"robots\" content=\"index, follow, max-snippet:-1, max-image-preview:large, max-video-preview:-1\" \/>\n<link rel=\"canonical\" href=\"https:\/\/fundacjaukraina.eu\/uk\/ubezpieczenie-zdrowotne-cudzoziemcow\/\" \/>\n<meta property=\"og:locale\" content=\"en_US\" \/>\n<meta property=\"og:type\" content=\"article\" \/>\n<meta property=\"og:title\" content=\"Ubezpieczenie zdrowotne cudzoziemc\u00f3w - Fundacja Ukraina\" \/>\n<meta property=\"og:description\" content=\"Ubezpieczenie zdrowotne jest podstawow\u0105 przes\u0142ank\u0105 dla cudzoziemca, kt\u00f3ry planuje przenie\u015b\u0107 sw\u00f3j pobyt na\u00a0 terytorium Polski. Jednak\u017ce w praktyce do\u015b\u0107 cz\u0119sto powstaj\u0105 liczne pytania zwi\u0105zane z konieczno\u015bci\u0105 posiadania ubezpieczenia i warunk\u00f3w leczenia dla obcokrajowc\u00f3w. Fundacja Ukraina wsp\u00f3lnie z Piotrem Potockim stworzyli artyku\u0142, kt\u00f3ry wyja\u015bni wszystkie aspekty dotycz\u0105ce ubezpieczenia zdrowotnego cudzoziemc\u00f3w!\u00a0\u00a0 \u00a0 Najcz\u0119stsze wyszukane \u017cyczenia sk\u0142adane drugiej...\" \/>\n<meta property=\"og:url\" content=\"https:\/\/fundacjaukraina.eu\/uk\/ubezpieczenie-zdrowotne-cudzoziemcow\/\" \/>\n<meta property=\"og:site_name\" content=\"Fundacja Ukraina\" \/>\n<meta property=\"article:publisher\" content=\"https:\/\/www.facebook.com\/fundacja.ukraina\/\" \/>\n<meta property=\"article:published_time\" content=\"2020-11-30T19:26:40+00:00\" \/>\n<meta property=\"article:modified_time\" content=\"2023-06-20T07:26:46+00:00\" \/>\n<meta property=\"og:image\" content=\"https:\/\/fundacjaukraina.eu\/wp-content\/uploads\/2023\/01\/marcelo-leal-k7ll1hpdhfa-unsplash-1.jpg\" \/>\n\t<meta property=\"og:image:width\" content=\"1920\" \/>\n\t<meta property=\"og:image:height\" content=\"1280\" \/>\n\t<meta property=\"og:image:type\" content=\"image\/jpeg\" \/>\n<meta name=\"author\" content=\"fu-admin\" \/>\n<meta name=\"twitter:card\" content=\"summary_large_image\" \/>\n<meta name=\"twitter:label1\" content=\"Written by\" \/>\n\t<meta name=\"twitter:data1\" content=\"fu-admin\" \/>\n\t<meta name=\"twitter:label2\" content=\"Est. reading time\" \/>\n\t<meta name=\"twitter:data2\" content=\"8 minutes\" \/>\n<script type=\"application\/ld+json\" class=\"yoast-schema-graph\">{\"@context\":\"https:\\\/\\\/schema.org\",\"@graph\":[{\"@type\":\"Article\",\"@id\":\"https:\\\/\\\/fundacjaukraina.eu\\\/uk\\\/ubezpieczenie-zdrowotne-cudzoziemcow\\\/#article\",\"isPartOf\":{\"@id\":\"https:\\\/\\\/fundacjaukraina.eu\\\/uk\\\/ubezpieczenie-zdrowotne-cudzoziemcow\\\/\"},\"author\":{\"name\":\"fu-admin\",\"@id\":\"https:\\\/\\\/fundacjaukraina.eu\\\/#\\\/schema\\\/person\\\/695dd52aaea89387b9eaa44ca3622e57\"},\"headline\":\"Ubezpieczenie zdrowotne cudzoziemc\u00f3w\",\"datePublished\":\"2020-11-30T19:26:40+00:00\",\"dateModified\":\"2023-06-20T07:26:46+00:00\",\"mainEntityOfPage\":{\"@id\":\"https:\\\/\\\/fundacjaukraina.eu\\\/uk\\\/ubezpieczenie-zdrowotne-cudzoziemcow\\\/\"},\"wordCount\":1519,\"publisher\":{\"@id\":\"https:\\\/\\\/fundacjaukraina.eu\\\/#organization\"},\"image\":{\"@id\":\"https:\\\/\\\/fundacjaukraina.eu\\\/uk\\\/ubezpieczenie-zdrowotne-cudzoziemcow\\\/#primaryimage\"},\"thumbnailUrl\":\"https:\\\/\\\/fundacjaukraina.eu\\\/wp-content\\\/uploads\\\/2023\\\/01\\\/marcelo-leal-k7ll1hpdhfa-unsplash-1.jpg\",\"keywords\":[\"informigrants\"],\"articleSection\":[\"ReSTART\",\"Informigrants\"],\"inLanguage\":\"ua-UA\"},{\"@type\":\"WebPage\",\"@id\":\"https:\\\/\\\/fundacjaukraina.eu\\\/uk\\\/ubezpieczenie-zdrowotne-cudzoziemcow\\\/\",\"url\":\"https:\\\/\\\/fundacjaukraina.eu\\\/uk\\\/ubezpieczenie-zdrowotne-cudzoziemcow\\\/\",\"name\":\"Ubezpieczenie zdrowotne cudzoziemc\u00f3w - Fundacja Ukraina\",\"isPartOf\":{\"@id\":\"https:\\\/\\\/fundacjaukraina.eu\\\/#website\"},\"primaryImageOfPage\":{\"@id\":\"https:\\\/\\\/fundacjaukraina.eu\\\/uk\\\/ubezpieczenie-zdrowotne-cudzoziemcow\\\/#primaryimage\"},\"image\":{\"@id\":\"https:\\\/\\\/fundacjaukraina.eu\\\/uk\\\/ubezpieczenie-zdrowotne-cudzoziemcow\\\/#primaryimage\"},\"thumbnailUrl\":\"https:\\\/\\\/fundacjaukraina.eu\\\/wp-content\\\/uploads\\\/2023\\\/01\\\/marcelo-leal-k7ll1hpdhfa-unsplash-1.jpg\",\"datePublished\":\"2020-11-30T19:26:40+00:00\",\"dateModified\":\"2023-06-20T07:26:46+00:00\",\"breadcrumb\":{\"@id\":\"https:\\\/\\\/fundacjaukraina.eu\\\/uk\\\/ubezpieczenie-zdrowotne-cudzoziemcow\\\/#breadcrumb\"},\"inLanguage\":\"ua-UA\",\"potentialAction\":[{\"@type\":\"ReadAction\",\"target\":[\"https:\\\/\\\/fundacjaukraina.eu\\\/uk\\\/ubezpieczenie-zdrowotne-cudzoziemcow\\\/\"]}]},{\"@type\":\"ImageObject\",\"inLanguage\":\"ua-UA\",\"@id\":\"https:\\\/\\\/fundacjaukraina.eu\\\/uk\\\/ubezpieczenie-zdrowotne-cudzoziemcow\\\/#primaryimage\",\"url\":\"https:\\\/\\\/fundacjaukraina.eu\\\/wp-content\\\/uploads\\\/2023\\\/01\\\/marcelo-leal-k7ll1hpdhfa-unsplash-1.jpg\",\"contentUrl\":\"https:\\\/\\\/fundacjaukraina.eu\\\/wp-content\\\/uploads\\\/2023\\\/01\\\/marcelo-leal-k7ll1hpdhfa-unsplash-1.jpg\",\"width\":1920,\"height\":1280,\"caption\":\"Stetoskop\"},{\"@type\":\"BreadcrumbList\",\"@id\":\"https:\\\/\\\/fundacjaukraina.eu\\\/uk\\\/ubezpieczenie-zdrowotne-cudzoziemcow\\\/#breadcrumb\",\"itemListElement\":[{\"@type\":\"ListItem\",\"position\":1,\"name\":\"Home\",\"item\":\"https:\\\/\\\/fundacjaukraina.eu\\\/uk\\\/\"},{\"@type\":\"ListItem\",\"position\":2,\"name\":\"Ubezpieczenie zdrowotne cudzoziemc\u00f3w\"}]},{\"@type\":\"WebSite\",\"@id\":\"https:\\\/\\\/fundacjaukraina.eu\\\/#website\",\"url\":\"https:\\\/\\\/fundacjaukraina.eu\\\/\",\"name\":\"Fundacja Ukraina\",\"description\":\"Pracujemy z lud\u017ami i dla ludzi\",\"publisher\":{\"@id\":\"https:\\\/\\\/fundacjaukraina.eu\\\/#organization\"},\"potentialAction\":[{\"@type\":\"SearchAction\",\"target\":{\"@type\":\"EntryPoint\",\"urlTemplate\":\"https:\\\/\\\/fundacjaukraina.eu\\\/?s={search_term_string}\"},\"query-input\":{\"@type\":\"PropertyValueSpecification\",\"valueRequired\":true,\"valueName\":\"search_term_string\"}}],\"inLanguage\":\"ua-UA\"},{\"@type\":\"Organization\",\"@id\":\"https:\\\/\\\/fundacjaukraina.eu\\\/#organization\",\"name\":\"Fundacja Ukraina\",\"url\":\"https:\\\/\\\/fundacjaukraina.eu\\\/\",\"logo\":{\"@type\":\"ImageObject\",\"inLanguage\":\"ua-UA\",\"@id\":\"https:\\\/\\\/fundacjaukraina.eu\\\/#\\\/schema\\\/logo\\\/image\\\/\",\"url\":\"https:\\\/\\\/fundacjaukraina.eu\\\/wp-content\\\/uploads\\\/2023\\\/09\\\/fu-main.png\",\"contentUrl\":\"https:\\\/\\\/fundacjaukraina.eu\\\/wp-content\\\/uploads\\\/2023\\\/09\\\/fu-main.png\",\"width\":1200,\"height\":630,\"caption\":\"Fundacja Ukraina\"},\"image\":{\"@id\":\"https:\\\/\\\/fundacjaukraina.eu\\\/#\\\/schema\\\/logo\\\/image\\\/\"},\"sameAs\":[\"https:\\\/\\\/www.facebook.com\\\/fundacja.ukraina\\\/\",\"https:\\\/\\\/www.linkedin.com\\\/company\\\/fundacja-ukraina\"]},{\"@type\":\"Person\",\"@id\":\"https:\\\/\\\/fundacjaukraina.eu\\\/#\\\/schema\\\/person\\\/695dd52aaea89387b9eaa44ca3622e57\",\"name\":\"fu-admin\",\"image\":{\"@type\":\"ImageObject\",\"inLanguage\":\"ua-UA\",\"@id\":\"https:\\\/\\\/secure.gravatar.com\\\/avatar\\\/51242c9e7cbd8a4a290d3e357f646828e11567e4f3958f79d43b8351b1dda904?s=96&d=mm&r=g\",\"url\":\"https:\\\/\\\/secure.gravatar.com\\\/avatar\\\/51242c9e7cbd8a4a290d3e357f646828e11567e4f3958f79d43b8351b1dda904?s=96&d=mm&r=g\",\"contentUrl\":\"https:\\\/\\\/secure.gravatar.com\\\/avatar\\\/51242c9e7cbd8a4a290d3e357f646828e11567e4f3958f79d43b8351b1dda904?s=96&d=mm&r=g\",\"caption\":\"fu-admin\"},\"sameAs\":[\"https:\\\/\\\/fundacjaukraina.eu\"],\"url\":\"https:\\\/\\\/fundacjaukraina.eu\\\/uk\\\/author\\\/fu-admin\\\/\"}]}<\/script>\n<!-- \/ Yoast SEO plugin. -->","yoast_head_json":{"title":"Ubezpieczenie zdrowotne cudzoziemc\u00f3w - Fundacja Ukraina","robots":{"index":"index","follow":"follow","max-snippet":"max-snippet:-1","max-image-preview":"max-image-preview:large","max-video-preview":"max-video-preview:-1"},"canonical":"https:\/\/fundacjaukraina.eu\/uk\/ubezpieczenie-zdrowotne-cudzoziemcow\/","og_locale":"en_US","og_type":"article","og_title":"Ubezpieczenie zdrowotne cudzoziemc\u00f3w - Fundacja Ukraina","og_description":"Ubezpieczenie zdrowotne jest podstawow\u0105 przes\u0142ank\u0105 dla cudzoziemca, kt\u00f3ry planuje przenie\u015b\u0107 sw\u00f3j pobyt na\u00a0 terytorium Polski. Jednak\u017ce w praktyce do\u015b\u0107 cz\u0119sto powstaj\u0105 liczne pytania zwi\u0105zane z konieczno\u015bci\u0105 posiadania ubezpieczenia i warunk\u00f3w leczenia dla obcokrajowc\u00f3w. Fundacja Ukraina wsp\u00f3lnie z Piotrem Potockim stworzyli artyku\u0142, kt\u00f3ry wyja\u015bni wszystkie aspekty dotycz\u0105ce ubezpieczenia zdrowotnego cudzoziemc\u00f3w!\u00a0\u00a0 \u00a0 Najcz\u0119stsze wyszukane \u017cyczenia sk\u0142adane drugiej...","og_url":"https:\/\/fundacjaukraina.eu\/uk\/ubezpieczenie-zdrowotne-cudzoziemcow\/","og_site_name":"Fundacja Ukraina","article_publisher":"https:\/\/www.facebook.com\/fundacja.ukraina\/","article_published_time":"2020-11-30T19:26:40+00:00","article_modified_time":"2023-06-20T07:26:46+00:00","og_image":[{"width":1920,"height":1280,"url":"https:\/\/fundacjaukraina.eu\/wp-content\/uploads\/2023\/01\/marcelo-leal-k7ll1hpdhfa-unsplash-1.jpg","type":"image\/jpeg"}],"author":"fu-admin","twitter_card":"summary_large_image","twitter_misc":{"Written by":"fu-admin","Est. reading time":"8 minutes"},"schema":{"@context":"https:\/\/schema.org","@graph":[{"@type":"Article","@id":"https:\/\/fundacjaukraina.eu\/uk\/ubezpieczenie-zdrowotne-cudzoziemcow\/#article","isPartOf":{"@id":"https:\/\/fundacjaukraina.eu\/uk\/ubezpieczenie-zdrowotne-cudzoziemcow\/"},"author":{"name":"fu-admin","@id":"https:\/\/fundacjaukraina.eu\/#\/schema\/person\/695dd52aaea89387b9eaa44ca3622e57"},"headline":"Ubezpieczenie zdrowotne cudzoziemc\u00f3w","datePublished":"2020-11-30T19:26:40+00:00","dateModified":"2023-06-20T07:26:46+00:00","mainEntityOfPage":{"@id":"https:\/\/fundacjaukraina.eu\/uk\/ubezpieczenie-zdrowotne-cudzoziemcow\/"},"wordCount":1519,"publisher":{"@id":"https:\/\/fundacjaukraina.eu\/#organization"},"image":{"@id":"https:\/\/fundacjaukraina.eu\/uk\/ubezpieczenie-zdrowotne-cudzoziemcow\/#primaryimage"},"thumbnailUrl":"https:\/\/fundacjaukraina.eu\/wp-content\/uploads\/2023\/01\/marcelo-leal-k7ll1hpdhfa-unsplash-1.jpg","keywords":["informigrants"],"articleSection":["ReSTART","Informigrants"],"inLanguage":"ua-UA"},{"@type":"WebPage","@id":"https:\/\/fundacjaukraina.eu\/uk\/ubezpieczenie-zdrowotne-cudzoziemcow\/","url":"https:\/\/fundacjaukraina.eu\/uk\/ubezpieczenie-zdrowotne-cudzoziemcow\/","name":"Ubezpieczenie zdrowotne cudzoziemc\u00f3w - Fundacja Ukraina","isPartOf":{"@id":"https:\/\/fundacjaukraina.eu\/#website"},"primaryImageOfPage":{"@id":"https:\/\/fundacjaukraina.eu\/uk\/ubezpieczenie-zdrowotne-cudzoziemcow\/#primaryimage"},"image":{"@id":"https:\/\/fundacjaukraina.eu\/uk\/ubezpieczenie-zdrowotne-cudzoziemcow\/#primaryimage"},"thumbnailUrl":"https:\/\/fundacjaukraina.eu\/wp-content\/uploads\/2023\/01\/marcelo-leal-k7ll1hpdhfa-unsplash-1.jpg","datePublished":"2020-11-30T19:26:40+00:00","dateModified":"2023-06-20T07:26:46+00:00","breadcrumb":{"@id":"https:\/\/fundacjaukraina.eu\/uk\/ubezpieczenie-zdrowotne-cudzoziemcow\/#breadcrumb"},"inLanguage":"ua-UA","potentialAction":[{"@type":"ReadAction","target":["https:\/\/fundacjaukraina.eu\/uk\/ubezpieczenie-zdrowotne-cudzoziemcow\/"]}]},{"@type":"ImageObject","inLanguage":"ua-UA","@id":"https:\/\/fundacjaukraina.eu\/uk\/ubezpieczenie-zdrowotne-cudzoziemcow\/#primaryimage","url":"https:\/\/fundacjaukraina.eu\/wp-content\/uploads\/2023\/01\/marcelo-leal-k7ll1hpdhfa-unsplash-1.jpg","contentUrl":"https:\/\/fundacjaukraina.eu\/wp-content\/uploads\/2023\/01\/marcelo-leal-k7ll1hpdhfa-unsplash-1.jpg","width":1920,"height":1280,"caption":"Stetoskop"},{"@type":"BreadcrumbList","@id":"https:\/\/fundacjaukraina.eu\/uk\/ubezpieczenie-zdrowotne-cudzoziemcow\/#breadcrumb","itemListElement":[{"@type":"ListItem","position":1,"name":"Home","item":"https:\/\/fundacjaukraina.eu\/uk\/"},{"@type":"ListItem","position":2,"name":"Ubezpieczenie zdrowotne cudzoziemc\u00f3w"}]},{"@type":"WebSite","@id":"https:\/\/fundacjaukraina.eu\/#website","url":"https:\/\/fundacjaukraina.eu\/","name":"Fundacja Ukraina","description":"Pracujemy z lud\u017ami i dla ludzi","publisher":{"@id":"https:\/\/fundacjaukraina.eu\/#organization"},"potentialAction":[{"@type":"SearchAction","target":{"@type":"EntryPoint","urlTemplate":"https:\/\/fundacjaukraina.eu\/?s={search_term_string}"},"query-input":{"@type":"PropertyValueSpecification","valueRequired":true,"valueName":"search_term_string"}}],"inLanguage":"ua-UA"},{"@type":"Organization","@id":"https:\/\/fundacjaukraina.eu\/#organization","name":"Fundacja Ukraina","url":"https:\/\/fundacjaukraina.eu\/","logo":{"@type":"ImageObject","inLanguage":"ua-UA","@id":"https:\/\/fundacjaukraina.eu\/#\/schema\/logo\/image\/","url":"https:\/\/fundacjaukraina.eu\/wp-content\/uploads\/2023\/09\/fu-main.png","contentUrl":"https:\/\/fundacjaukraina.eu\/wp-content\/uploads\/2023\/09\/fu-main.png","width":1200,"height":630,"caption":"Fundacja Ukraina"},"image":{"@id":"https:\/\/fundacjaukraina.eu\/#\/schema\/logo\/image\/"},"sameAs":["https:\/\/www.facebook.com\/fundacja.ukraina\/","https:\/\/www.linkedin.com\/company\/fundacja-ukraina"]},{"@type":"Person","@id":"https:\/\/fundacjaukraina.eu\/#\/schema\/person\/695dd52aaea89387b9eaa44ca3622e57","name":"fu-admin","image":{"@type":"ImageObject","inLanguage":"ua-UA","@id":"https:\/\/secure.gravatar.com\/avatar\/51242c9e7cbd8a4a290d3e357f646828e11567e4f3958f79d43b8351b1dda904?s=96&d=mm&r=g","url":"https:\/\/secure.gravatar.com\/avatar\/51242c9e7cbd8a4a290d3e357f646828e11567e4f3958f79d43b8351b1dda904?s=96&d=mm&r=g","contentUrl":"https:\/\/secure.gravatar.com\/avatar\/51242c9e7cbd8a4a290d3e357f646828e11567e4f3958f79d43b8351b1dda904?s=96&d=mm&r=g","caption":"fu-admin"},"sameAs":["https:\/\/fundacjaukraina.eu"],"url":"https:\/\/fundacjaukraina.eu\/uk\/author\/fu-admin\/"}]}},"author_meta":{"display_name":"fu-admin","author_link":"https:\/\/fundacjaukraina.eu\/uk\/author\/fu-admin\/"},"featured_img":"https:\/\/fundacjaukraina.eu\/wp-content\/uploads\/2023\/01\/marcelo-leal-k7ll1hpdhfa-unsplash-1-600x400.jpg","coauthors":[],"tax_additional":{"categories":{"linked":["<a href=\"https:\/\/fundacjaukraina.eu\/uk\/category\/restart\/\" class=\"advgb-post-tax-term\">ReSTART<\/a>","<a href=\"https:\/\/fundacjaukraina.eu\/uk\/category\/informigrants\/\" class=\"advgb-post-tax-term\">Informigrants<\/a>"],"unlinked":["<span class=\"advgb-post-tax-term\">ReSTART<\/span>","<span class=\"advgb-post-tax-term\">Informigrants<\/span>"]},"tags":{"linked":["<a href=\"https:\/\/fundacjaukraina.eu\/uk\/category\/informigrants\/\" class=\"advgb-post-tax-term\">informigrants<\/a>"],"unlinked":["<span class=\"advgb-post-tax-term\">informigrants<\/span>"]}},"comment_count":"0","relative_dates":{"created":"Posted 5 years ago","modified":"Updated 3 years ago"},"absolute_dates":{"created":"Posted on 2020-11-30","modified":"Updated on 2023-06-20"},"absolute_dates_time":{"created":"Posted on 2020-11-30 20:26","modified":"Updated on 2023-06-20 09:26"},"featured_img_caption":"","series_order":"","_links":{"self":[{"href":"https:\/\/fundacjaukraina.eu\/uk\/wp-json\/wp\/v2\/posts\/2413","targetHints":{"allow":["GET"]}}],"collection":[{"href":"https:\/\/fundacjaukraina.eu\/uk\/wp-json\/wp\/v2\/posts"}],"about":[{"href":"https:\/\/fundacjaukraina.eu\/uk\/wp-json\/wp\/v2\/types\/post"}],"author":[{"embeddable":true,"href":"https:\/\/fundacjaukraina.eu\/uk\/wp-json\/wp\/v2\/users\/1"}],"replies":[{"embeddable":true,"href":"https:\/\/fundacjaukraina.eu\/uk\/wp-json\/wp\/v2\/comments?post=2413"}],"version-history":[{"count":2,"href":"https:\/\/fundacjaukraina.eu\/uk\/wp-json\/wp\/v2\/posts\/2413\/revisions"}],"predecessor-version":[{"id":4055,"href":"https:\/\/fundacjaukraina.eu\/uk\/wp-json\/wp\/v2\/posts\/2413\/revisions\/4055"}],"wp:featuredmedia":[{"embeddable":true,"href":"https:\/\/fundacjaukraina.eu\/uk\/wp-json\/wp\/v2\/media\/2414"}],"wp:attachment":[{"href":"https:\/\/fundacjaukraina.eu\/uk\/wp-json\/wp\/v2\/media?parent=2413"}],"wp:term":[{"taxonomy":"category","embeddable":true,"href":"https:\/\/fundacjaukraina.eu\/uk\/wp-json\/wp\/v2\/categories?post=2413"},{"taxonomy":"post_tag","embeddable":true,"href":"https:\/\/fundacjaukraina.eu\/uk\/wp-json\/wp\/v2\/tags?post=2413"}],"curies":[{"name":"wp","href":"https:\/\/api.w.org\/{rel}","templated":true}]}}