{"id":2448,"date":"2021-01-12T23:45:23","date_gmt":"2021-01-12T22:45:23","guid":{"rendered":"https:\/\/fundacjaukraina.eu\/wynajem-bez-stresu-dla-cudzoziemcow\/"},"modified":"2023-06-20T09:26:46","modified_gmt":"2023-06-20T07:26:46","slug":"wynajem-bez-stresu-dla-cudzoziemcow","status":"publish","type":"post","link":"https:\/\/fundacjaukraina.eu\/uk\/wynajem-bez-stresu-dla-cudzoziemcow\/","title":{"rendered":"Wynajem bez stresu dla cudzoziemc\u00f3w"},"content":{"rendered":"<h6><b><i>Wynajem mieszkanie to wyzwanie, z kt\u00f3rym zmagaj\u0105 si\u0119 wszyscy obcokrajowcy, kt\u00f3rzy chc\u0105 zamieszka\u0107 na d\u0142u\u017cszy okres w Polsce. Jak u\u0142atwi\u0107 sobie proces poszukiwania i wynaj\u0119cia mieszkania na zlecenie Fundacji Ukraina opowiedzia\u0142 Igor Bogusz. Porady profesjonalisty w dziedzinie nieruchomo\u015bci czytajcie w artykule. <\/i><\/b><\/h6>\n<p><span style=\"font-weight: 400;\"><br \/>\n<\/span><span style=\"font-weight: 400;\">Ka\u017cdy z nas przynajmniej raz wynajmowa\u0142 mieszkanie, ale nie ka\u017cdy z nas ma pozytywne do\u015bwiadczenie. Wiadomo, \u017ce wszyscy uczymy si\u0119 na b\u0142\u0119dach, ale wi\u0119kszo\u015b\u0107 b\u0142\u0119d\u00f3w, czasem niebywale kosztownych, wynikaj\u0105 przede wszystkim z po\u015bpiechu i niewiedzy. Maj\u0105c za sob\u0105 wiele podpisanych um\u00f3w najmu i spore do\u015bwiadczenie w bran\u017cy nieruchomo\u015bci, Igor Bogush podzieli si\u0119 z wami na co zwr\u00f3ci\u0107 uwag\u0119, \u017ceby uchroni\u0107 si\u0119 przed negatywnymi konsekwencjami wynajmu nieruchomo\u015bci.\u00a0<\/span><\/p>\n<h3><b>Zaczynamy szuka\u0107\u00a0\u00a0<\/b><\/h3>\n<p><span style=\"font-weight: 400;\">Du\u017ce miasta takie jak: Krak\u00f3w, Gda\u0144sk, Wroc\u0142aw maj\u0105 du\u017cy wyb\u00f3r ofert mieszka\u0144 do wynaj\u0119cia. Takie oferty mo\u017cna znale\u017a\u0107 na\u00a0<\/span><a href=\"https:\/\/www.olx.pl\/\"><span style=\"font-weight: 400;\">Olx<\/span><\/a><span style=\"font-weight: 400;\">,\u00a0<\/span><a href=\"https:\/\/www.otodom.pl\/\"><span style=\"font-weight: 400;\">Otodom<\/span><\/a><span style=\"font-weight: 400;\">,\u00a0<\/span><a href=\"https:\/\/www.morizon.pl\/\"><span style=\"font-weight: 400;\">Morizon<\/span><\/a><span style=\"font-weight: 400;\">,\u00a0<\/span><a href=\"https:\/\/gratka.pl\/\"><span style=\"font-weight: 400;\">Gratka<\/span><\/a><span style=\"font-weight: 400;\">. Coraz cz\u0119\u015bciej poszukuj\u0105cy odwiedzaj\u0105 specjalne grupy tematyczne w mediach spo\u0142eczno\u015bciowych na Facebook lub \u201cmarket place\u201d, na kt\u00f3rych znajduj\u0105 si\u0119 og\u0142oszenia.<\/span><\/p>\n<p><span style=\"font-weight: 400;\">\u017beby\u00a0zaoszcz\u0119dzi\u0107\u00a0czas\u00a0na\u00a0ogl\u0105danie\u00a0wszystkich\u00a0mieszka\u0144,\u00a0warto\u00a0zrozumie\u0107,\u00a0\u017ce\u00a0nie\u00a0ma\u00a0idealnych\u00a0mieszka\u0144.\u00a0Dlatego\u00a0warto\u00a0na\u00a0samym\u00a0<\/span><span style=\"font-weight: 400;\">pocz\u0105tku:<\/span><\/p>\n<p><span style=\"font-weight: 400;\">\u2022\u00a0Okre\u015bli\u0107\u00a0lokalizacj\u0119\u00a0(np.\u00a0Do\u00a05\u00a0km\u00a0od\u00a0uniwersytetu)<br \/>\n\u2022\u00a0Ustali\u0107 maksymalny\u00a0bud\u017cet\u00a0na\u00a0wynajem\u00a0(np.\u00a0Do\u00a02600\u00a0z\u0142\u00a0z\u00a0parkingiem,\u00a0Internetem,\u00a0mediami)<br \/>\n\u2022\u00a0Wybra\u0107 rozk\u0142ad\u00a0mieszkania\u00a0(np.\u00a02\u00a0osobne\u00a0pokoje\u00a0z\u00a0osobna\u00a0kuchni\u0105\u00a0i\u00a0balkonem)<\/span><\/p>\n<p><span style=\"font-weight: 400;\">Zanim wykona\u0107 telefon na podany w og\u0142oszeniu numer, warto dok\u0142adnie przeczyta\u0107 opis oraz przyjrzyj si\u0119 zdj\u0119ciom, wypisa\u0107 na kartce, jakiej informacji brakuje w og\u0142oszeniu. Zaplanowa\u0107 wizyty na nieruchomo\u015bciach warto tak, \u017ceby efektywnie wykorzysta\u0107 sw\u00f3j czas. Na prezentacje powinno wystarczy\u0107 od 15 do 30 minut. Dla wzrokowc\u00f3w polecamy nagra\u0107 filmik na prezentacji, aby na spokojnie, bez emocji por\u00f3wna\u0107 wszystkie mieszkania na koniec.<\/span><\/p>\n<p><span style=\"font-weight: 400;\">Je\u015bli ju\u017c znalaz\u0142y\u015bcie mieszkanie &#8211; nie zwlekajcie! Zw\u0142aszcza w okresie \u201estudenckim\u201d, czyli od sierpnia do pa\u017adziernika. W ten okres ludzie rezerwuj\u0105 mieszkania nawet bez ogl\u0105dania, telefonicznie.<\/span><\/p>\n<h3><span style=\"font-weight: 400;\"><b>Co warto wiedzie\u0107 o umowie najmu?<\/b><\/span><\/h3>\n<p><span style=\"font-weight: 400;\">Pomimo tego, \u017ce Polska z ka\u017cdym rokiem przyci\u0105ga do siebie coraz wi\u0119cej cudzoziemc\u00f3w, wielu w\u0142a\u015bcicieli mieszka\u0144 preferuj\u0105 wynajmowa\u0107 swoim rodakom. G\u0142\u00f3wnie przez to, \u017ce mo\u017ce pojawia\u0107 si\u0119 bariera j\u0119zykowa, albo to, \u017ce najemca wyprowadzi si\u0119 z kraju i w\u0142a\u015bciciel utraci z nim kontakt. Aby unikn\u0105\u0107 konflikt\u00f3w mi\u0119dzy wynajmuj\u0105cym a najemc\u0105 du\u017c\u0105 uwag\u0119 zwr\u00f3ci\u0107\u00a0trzeba na umow\u0119 najmu. Dobrze przygotowana umowa najmu powinna przewidywa\u0107 wszystkie mo\u017cliwe sytuacje i zawiera\u0107\u00a0sposoby na ich rozwi\u0105zania. Na szcz\u0119\u015bcie wi\u0119kszo\u015b\u0107 problem\u00f3w mo\u017cna unikn\u0105\u0107 stosuj\u0105c zasady wymienione poni\u017cej.\u00a0<\/span><\/p>\n<h3><b>7 zasad wynaj\u0119cia mieszkania przez cudzoziemca<\/b><\/h3>\n<ol>\n<li><span style=\"font-weight: 400;\">Sprawd\u017a, czy w\u0142a\u015bciciel jest w\u0142a\u015bcicielem- nie ka\u017cdy kto ma klucze do mieszkania ma prawo podpisywa\u0107 umow\u0119 najmu. Sprawd\u017a ksi\u0119g\u0119 wieczyst\u0105 nieruchomo\u015bci, je\u017celi jest taka mo\u017cliwo\u015b\u0107, w dziale pierwszym jest podany w\u0142a\u015bciciel albo popro\u015b do wgl\u0105du jeden z wymienionych poni\u017cej dokument\u00f3w:<\/span><span style=\"font-weight: 400;\"><br \/>\n<\/span><span style=\"font-weight: 400;\">&#8211;\u00a0akt\u00a0w\u0142asno\u015bci\u00a0(umowa\u00a0kupna,\u00a0darowizny\u00a0itd.)<\/span><span style=\"font-weight: 400;\"><br \/>\n<\/span><span style=\"font-weight: 400;\">&#8211;\u00a0pe\u0142nomocnictwo\u00a0od\u00a0w\u0142a\u015bciciela<\/span><span style=\"font-weight: 400;\"><br \/>\n<\/span><span style=\"font-weight: 400;\">&#8211;\u00a0umowa\u00a0najmu\u00a0ze\u00a0zgoda\u00a0w\u0142a\u015bciciela\u00a0na\u00a0podnajem,\u00a0czyli\u00a0dalszy\u00a0wynajem\u00a0osobom\u00a0trzecim<\/span><\/li>\n<li><span style=\"font-weight: 400;\"> Forma umowy najmu \u2013 Polskie prawo przewiduje zawieranie um\u00f3w w formie pisemnej zar\u00f3wno jak i w ustnej. Jednak, \u017ce pisemna forma umowy jest zawsze dokumentem, do kt\u00f3rego mo\u017cna zajrze\u0107\u00a0w spornych sytuacjach. W szczeg\u00f3lno\u015bci dla cudzoziemc\u00f3w, kt\u00f3rzy nie pos\u0142uguj\u0105 si\u0119 j\u0119zykiem polskim w wystarczaj\u0105cym stopniu powinna zawarta by\u0107 dwuj\u0119zyczna umowa dla pewno\u015bci, \u017ce ka\u017cdy punkt w umowie jest zrozumia\u0142y.\u00a0<\/span><\/li>\n<li><span style=\"font-weight: 400;\">Okres umowy \u2013 coraz cz\u0119\u015bciej w\u0142a\u015bciciele preferuj\u0105 podpisywa\u0107 umowy na okres zamkni\u0119ty bez okresu wypowiedzenia. Dla najemcy to znaczy, \u017ce je\u017celi chce wyprowadzi\u0107 si\u0119 wcze\u015bniej, musi p\u0142aci\u0107 do ko\u0144ca umowy albo rozwi\u0105za\u0107 umow\u0119 polubownie (np. znale\u017a\u0107 najemc\u0119 na swoje miejsce). W przypadku umowy na czas nieokre\u015blony z jednomiesi\u0119cznym okresem wypowiedzenia, wypowiedzenie liczone jest ze skutkiem na koniec miesi\u0105ca. Na przyk\u0142ad sk\u0142adaj\u0105c wypowiedzenie 1 Stycznia, wyprowadzi\u0107 si\u0119 z mieszkania mo\u017cna 1 Marca.\u00a0<\/span><\/li>\n<li><span style=\"font-weight: 400;\">Zameldowanie cudzoziemca na pobyt czasowy \u2013 Cz\u0119sto najemca zwraca si\u0119 do w\u0142a\u015bciciela z pytaniem czy mo\u017ce si\u0119 zameldowa\u0107 w mieszkaniu, ale nie wszyscy na to si\u0119 zgadzaj\u0105. Tak naprawd\u0119 najemca maj\u0105c umow\u0119 najmu nie musi o to pyta\u0107, a w\u0105tpliwo\u015bci w\u0142a\u015bciciela wynikaj\u0105 z braku wiedzy. Zgodnie z art. 28 ustawy o ewidencji ludno\u015bci \u201ezameldowanie na pobyt sta\u0142y lub czasowy s\u0142u\u017cy wy\u0142\u0105cznie celom ewidencyjnym i ma na celu potwierdzenie faktu pobytu osoby w miejscu, w kt\u00f3rym si\u0119 zameldowa\u0142a\u201d. Istotnym jest wpisanie wszystkich lokator\u00f3w do umowy najmu, aby ka\u017cdy z nich m\u00f3g\u0142 dosta\u0107 zameldowanie.\u00a0<\/span><\/li>\n<li><span style=\"font-weight: 400;\">Rozliczenie kaucji \u2013 Kaucja nie jest czynszem najmu za ostatni miesi\u0105c. Jest to kwota zwrotna, zgodnie z kodeksem cywilnym, maksymalnie do 30 dni po zako\u0144czeniu umowy najmu. W\u0142a\u015bciciel ma prawo obci\u0105\u017cy\u0107 kaucje w przypadku, gdy zu\u017cycie mieszkania przekracza normalne (np. \u015bciany porysowane dzie\u0107mi) lub op\u0142aty eksploatacyjne przewy\u017cszaj\u0105 wp\u0142acane zaliczki.\u00a0<\/span><\/li>\n<li><span style=\"font-weight: 400;\">OC\u00a0najemcy\u00a0&#8211;\u00a0opr\u00f3cz\u00a0standardowego\u00a0ubezpieczenia\u00a0mieszkania\u00a0przez\u00a0w\u0142a\u015bciciela,\u00a0warto\u00a0zdecydowa\u0107\u00a0si\u0119\u00a0na\u00a0OC\u00a0najemcy.\u00a0OC\u00a0najemcy\u00a0chroni\u00a0osob\u0119\u00a0wynajmuj\u0105c\u0105\u00a0swoje\u00a0mieszkanie\u00a0przed\u00a0szkodami\u00a0wyrz\u0105dzonymi\u00a0przez\u00a0najemc\u0119\u00a0mieszkania\u00a0(jego\u00a0go\u015bci,\u00a0dzieci\u00a0czy\u00a0zwierz\u0119ta).\u00a0Ubezpieczenie\u00a0powinno\u00a0chroni\u0107\u00a0r\u00f3wnie\u017c\u00a0przed\u00a0ewentualnym\u00a0w\u0142amaniem.\u00a0Koszt\u00a0takiego\u00a0ubezpieczenia\u00a0to\u00a0tylko\u00a0ok.\u00a055\u00a0z\u0142\u00a0rocznie.<\/span><\/li>\n<li><span style=\"font-weight: 400;\">Umowa w formie najmu okazjonalnego \u2013 Niejednokrotnie nawet w tre\u015bci og\u0142oszenia mo\u017cna spotka\u0107 \u201eumowa najmu okazjonalnego\u201d. Jest to nowy rodzaj umowy, przy kt\u00f3rym nie obowi\u0105zuje ust. o ochronie praw lokator\u00f3w, kt\u00f3ry ma na celu chroni\u0107 w\u0142a\u015bciciela przed nieuczciwymi najemcami. Jednak dla cudzoziemc\u00f3w, stosowanie przez w\u0142a\u015bciciela takiej formy umowy, mo\u017ce by\u0107 sporym utrudnieniem. W 90% zagraniczni najemcy nie s\u0105 w stanie wskaza\u0107 lokal zast\u0119pczy w Polsce, do kt\u00f3rego mogliby przeprowadzi\u0107 si\u0119 w przypadku eksmisji. Jedynym wyj\u015bciem jest przekona\u0107 w\u0142a\u015bciciela do podpisania zwyk\u0142ej umowy.<\/span><\/li>\n<\/ol>\n<h3><b>Odbi\u00f3r mieszkania\u00a0<\/b><\/h3>\n<p><span style=\"font-weight: 400;\">Po podpisaniu umowy \u2013 czas na odbi\u00f3r kluczy do wymarzonego mieszkania. Jest to ostatni krok w tym skomplikowanym procesie, \u00a0r\u00f3wnie\u017c istotny. Odbi\u00f3r zawsze wi\u0105\u017ce si\u0119 z podpisaniem protoko\u0142u zdawczo-odbiorczego, kt\u00f3ry zawiera\u0107 b\u0119dzie:<\/span><\/p>\n<p><span style=\"font-weight: 400;\">&#8211; wyposa\u017cenia mieszkania ( np. meble, AGD )<\/span><span style=\"font-weight: 400;\"><br \/>\n<\/span><span style=\"font-weight: 400;\">&#8211;\u00a0stan\u00a0licznik\u00f3w\u00a0(\u00a0pr\u0105du,\u00a0wody,\u00a0gazu\u00a0)<\/span><span style=\"font-weight: 400;\"><br \/>\n<\/span><span style=\"font-weight: 400;\">&#8211;\u00a0ile\u00a0komplet\u00f3w\u00a0kluczy\u00a0odbiera\u00a0najemca<\/span><span style=\"font-weight: 400;\"><br \/>\n<\/span><span style=\"font-weight: 400;\">&#8211;\u00a0uwagi\u00a0do\u00a0stanu\u00a0technicznego\u00a0mieszkania\u00a0(np.\u00a0telewizor\u00a0nie dzia\u0142a)<\/span><\/p>\n<p><span style=\"font-weight: 400;\">Przy wynaj\u0119ciu przez biuro nieruchomo\u015bci agent dodatkowo wykonuje zdj\u0119cia aktualnego stanu mieszkania oraz usterek po czym wysy\u0142a do ka\u017cdej ze stron umowy. Jest to dow\u00f3d dla obu stron przy zwrocie nieruchomo\u015bci w\u0142a\u015bcicielowi.<\/span><span style=\"font-weight: 400;\"><br \/>\n<\/span><span style=\"font-weight: 400;\">Od\u00a0momentu\u00a0podpisanie\u00a0umowy\u00a0najmu\u00a0ka\u017cda\u00a0ze\u00a0stron\u00a0ponosi\u00a0odpowiedzialno\u015b\u0107\u00a0cywilno-prawn\u0105,\u00a0dlatego\u00a0warto\u00a0uzgodni\u0107\u00a0wszystkie\u00a0szczeg\u00f3\u0142y\u00a0przed\u00a0podpisaniem.\u00a0Wszystkie w\u0105tpliwo\u015bci co do\u00a0zapis\u00f3w\u00a0w\u00a0umowie\u00a0zawsze\u00a0mo\u017cesz\u00a0rozwi\u0105za\u0107 zwracaj\u0105c si\u0119 do\u00a0biura\u00a0nieruchomo\u015bci\u00a0lub\u00a0prawnika.\u00a0\u017beby\u00a0upewni\u0107\u00a0si\u0119,\u00a0\u017ce\u00a0osoba,\u00a0kt\u00f3ra\u00a0udziela\u00a0konsultacji\u00a0ma\u00a0wymagane\u00a0kwalifikacje\u00a0mo\u017cna sprawdzi\u0107:\u00a0<\/span><\/p>\n<p><span style=\"font-weight: 400;\">&#8211; czy firma jest zarejestrowana w KRS<\/span><span style=\"font-weight: 400;\"><br \/>\n<\/span><span style=\"font-weight: 400;\">&#8211;\u00a0jak\u00a0d\u0142ugo\u00a0funkcjonuje\u00a0na\u00a0rynku<\/span><span style=\"font-weight: 400;\"><br \/>\n<\/span><span style=\"font-weight: 400;\">&#8211;\u00a0czy\u00a0ma\u00a0certyfikaty,\u00a0licencje<\/span><span style=\"font-weight: 400;\"><br \/>\n<\/span><span style=\"font-weight: 400;\">&#8211;\u00a0czy\u00a0ma\u00a0pozytywne\u00a0opinie\u00a0na\u00a0Google\u00a0lub\u00a0Facebook<\/span><\/p>\n<p><span style=\"font-weight: 400;\">Wszystkie punkty zapisane w umowie najmu maj\u0105 na celu chroni\u0107 strony od czarnych scenariuszy, ale zawsze warto najpierw szuka\u0107 kompromis\u00f3w i rozwi\u0105zywa\u0107 sporne sytuacje polubownie oraz budowa\u0107\u00a0wzajemne relacje na zaufaniu. \u017byczymy powodzenia w wynaj\u0119ciu mieszkania i zapraszamy do kontaktu ze specjalistami Fundacji Ukraina w razie zapotrzebowania.\u00a0<\/span><\/p>\n<h3><b>B\u0105d\u017a w kontakcie z Fundacj\u0105 Ukraina!\u00a0<\/b><\/h3>\n<p><span style=\"font-weight: 400;\">Obserwujcie nas na stronach spo\u0142eczno\u015bciowych, aby by\u0107 na bie\u017c\u0105co ze wszystkimi projektami i wydarzeniami Fundacji Ukraina!\u00a0<\/span><\/p>\n<p><span style=\"font-weight: 400;\">Facebook: <\/span><a href=\"https:\/\/www.facebook.com\/CUKR.Wroclaw\/\"><span style=\"font-weight: 400;\">https:\/\/www.facebook.com\/CUKR.Wroclaw\/<\/span><\/a><span style=\"font-weight: 400;\">\u00a0 i <\/span><a href=\"https:\/\/www.facebook.com\/fundacja.ukraina\/\"><span style=\"font-weight: 400;\">https:\/\/www.facebook.com\/fundacja.ukraina\/<\/span><\/a><span style=\"font-weight: 400;\"> oraz <\/span><a href=\"https:\/\/www.facebook.com\/Instytutpm\/\"><span style=\"font-weight: 400;\">https:\/\/www.facebook.com\/Instytutpm\/<\/span><\/a><span style=\"font-weight: 400;\">.\u00a0<\/span><\/p>\n<p><span style=\"font-weight: 400;\">Instagram: <\/span><a href=\"https:\/\/www.instagram.com\/cukr.wroclaw\/\"><span style=\"font-weight: 400;\">https:\/\/www.instagram.com\/cukr.wroclaw\/<\/span><\/a><span style=\"font-weight: 400;\">.\u00a0<\/span><\/p>\n<p>Bezpieczna przysta\u0144<\/p>\n<p>Wy\u0142\u0105czna odpowiedzialno\u015b\u0107 za wyra\u017cone opinie spoczywa na autorze i Komisja Europejska oraz Ministerstwo Spraw Wewn\u0119trznych i Administracji nie ponosz\u0105 odpowiedzialno\u015bci za spos\u00f3b wykorzystania udost\u0119pnionych informacji<\/p>\n<img loading=\"lazy\" decoding=\"async\" class=\"aligncenter wp-image-8114 size-full\" src=\"https:\/\/fundacjaukraina.eu\/wp-content\/uploads\/2020\/02\/restart-footer-logos.png\" alt=\"restart\" width=\"6501\" height=\"776\" \/>\n","protected":false},"excerpt":{"rendered":"<p>Wynajem mieszkanie to wyzwanie, z kt\u00f3rym zmagaj\u0105 si\u0119 wszyscy obcokrajowcy, kt\u00f3rzy chc\u0105 zamieszka\u0107 na d\u0142u\u017cszy okres w Polsce. Jak u\u0142atwi\u0107 sobie proces poszukiwania i wynaj\u0119cia mieszkania na zlecenie Fundacji Ukraina opowiedzia\u0142 Igor Bogusz. Porady profesjonalisty w dziedzinie nieruchomo\u015bci czytajcie w artykule. Ka\u017cdy z nas przynajmniej raz wynajmowa\u0142 mieszkanie, ale nie ka\u017cdy z nas ma pozytywne&#8230;<\/p>\n","protected":false},"author":1,"featured_media":2449,"comment_status":"closed","ping_status":"closed","sticky":false,"template":"","format":"standard","meta":{"_eb_attr":"","inline_featured_image":false,"advgb_blocks_editor_width":"","advgb_blocks_columns_visual_guide":"","footnotes":""},"categories":[65,84],"tags":[75],"class_list":["post-2448","post","type-post","status-publish","format-standard","has-post-thumbnail","hentry","category-restart","category-informigrants","tag-informigrants"],"yoast_head":"<!-- This site is optimized with the Yoast SEO plugin v27.4 - https:\/\/yoast.com\/product\/yoast-seo-wordpress\/ -->\n<title>Wynajem bez stresu dla cudzoziemc\u00f3w - Fundacja Ukraina<\/title>\n<meta name=\"robots\" content=\"index, follow, max-snippet:-1, max-image-preview:large, max-video-preview:-1\" \/>\n<link rel=\"canonical\" href=\"https:\/\/fundacjaukraina.eu\/uk\/wynajem-bez-stresu-dla-cudzoziemcow\/\" \/>\n<meta property=\"og:locale\" content=\"en_US\" \/>\n<meta property=\"og:type\" content=\"article\" \/>\n<meta property=\"og:title\" content=\"Wynajem bez stresu dla cudzoziemc\u00f3w - Fundacja Ukraina\" \/>\n<meta property=\"og:description\" content=\"Wynajem mieszkanie to wyzwanie, z kt\u00f3rym zmagaj\u0105 si\u0119 wszyscy obcokrajowcy, kt\u00f3rzy chc\u0105 zamieszka\u0107 na d\u0142u\u017cszy okres w Polsce. Jak u\u0142atwi\u0107 sobie proces poszukiwania i wynaj\u0119cia mieszkania na zlecenie Fundacji Ukraina opowiedzia\u0142 Igor Bogusz. Porady profesjonalisty w dziedzinie nieruchomo\u015bci czytajcie w artykule. Ka\u017cdy z nas przynajmniej raz wynajmowa\u0142 mieszkanie, ale nie ka\u017cdy z nas ma pozytywne...\" \/>\n<meta property=\"og:url\" content=\"https:\/\/fundacjaukraina.eu\/uk\/wynajem-bez-stresu-dla-cudzoziemcow\/\" \/>\n<meta property=\"og:site_name\" content=\"Fundacja Ukraina\" \/>\n<meta property=\"article:publisher\" content=\"https:\/\/www.facebook.com\/fundacja.ukraina\/\" \/>\n<meta property=\"article:published_time\" content=\"2021-01-12T22:45:23+00:00\" \/>\n<meta property=\"article:modified_time\" content=\"2023-06-20T07:26:46+00:00\" \/>\n<meta property=\"og:image\" content=\"https:\/\/fundacjaukraina.eu\/wp-content\/uploads\/2023\/01\/key-2323278_1920-1.jpg\" \/>\n\t<meta property=\"og:image:width\" content=\"1920\" \/>\n\t<meta property=\"og:image:height\" content=\"1280\" \/>\n\t<meta property=\"og:image:type\" content=\"image\/jpeg\" \/>\n<meta name=\"author\" content=\"fu-admin\" \/>\n<meta name=\"twitter:card\" content=\"summary_large_image\" \/>\n<meta name=\"twitter:label1\" content=\"Written by\" \/>\n\t<meta name=\"twitter:data1\" content=\"fu-admin\" \/>\n\t<meta name=\"twitter:label2\" content=\"Est. reading time\" \/>\n\t<meta name=\"twitter:data2\" content=\"7 minutes\" \/>\n<script type=\"application\/ld+json\" class=\"yoast-schema-graph\">{\"@context\":\"https:\\\/\\\/schema.org\",\"@graph\":[{\"@type\":\"Article\",\"@id\":\"https:\\\/\\\/fundacjaukraina.eu\\\/uk\\\/wynajem-bez-stresu-dla-cudzoziemcow\\\/#article\",\"isPartOf\":{\"@id\":\"https:\\\/\\\/fundacjaukraina.eu\\\/uk\\\/wynajem-bez-stresu-dla-cudzoziemcow\\\/\"},\"author\":{\"name\":\"fu-admin\",\"@id\":\"https:\\\/\\\/fundacjaukraina.eu\\\/#\\\/schema\\\/person\\\/695dd52aaea89387b9eaa44ca3622e57\"},\"headline\":\"Wynajem bez stresu dla cudzoziemc\u00f3w\",\"datePublished\":\"2021-01-12T22:45:23+00:00\",\"dateModified\":\"2023-06-20T07:26:46+00:00\",\"mainEntityOfPage\":{\"@id\":\"https:\\\/\\\/fundacjaukraina.eu\\\/uk\\\/wynajem-bez-stresu-dla-cudzoziemcow\\\/\"},\"wordCount\":1367,\"publisher\":{\"@id\":\"https:\\\/\\\/fundacjaukraina.eu\\\/#organization\"},\"image\":{\"@id\":\"https:\\\/\\\/fundacjaukraina.eu\\\/uk\\\/wynajem-bez-stresu-dla-cudzoziemcow\\\/#primaryimage\"},\"thumbnailUrl\":\"https:\\\/\\\/fundacjaukraina.eu\\\/wp-content\\\/uploads\\\/2023\\\/01\\\/key-2323278_1920-1.jpg\",\"keywords\":[\"informigrants\"],\"articleSection\":[\"ReSTART\",\"Informigrants\"],\"inLanguage\":\"ua-UA\"},{\"@type\":\"WebPage\",\"@id\":\"https:\\\/\\\/fundacjaukraina.eu\\\/uk\\\/wynajem-bez-stresu-dla-cudzoziemcow\\\/\",\"url\":\"https:\\\/\\\/fundacjaukraina.eu\\\/uk\\\/wynajem-bez-stresu-dla-cudzoziemcow\\\/\",\"name\":\"Wynajem bez stresu dla cudzoziemc\u00f3w - Fundacja Ukraina\",\"isPartOf\":{\"@id\":\"https:\\\/\\\/fundacjaukraina.eu\\\/#website\"},\"primaryImageOfPage\":{\"@id\":\"https:\\\/\\\/fundacjaukraina.eu\\\/uk\\\/wynajem-bez-stresu-dla-cudzoziemcow\\\/#primaryimage\"},\"image\":{\"@id\":\"https:\\\/\\\/fundacjaukraina.eu\\\/uk\\\/wynajem-bez-stresu-dla-cudzoziemcow\\\/#primaryimage\"},\"thumbnailUrl\":\"https:\\\/\\\/fundacjaukraina.eu\\\/wp-content\\\/uploads\\\/2023\\\/01\\\/key-2323278_1920-1.jpg\",\"datePublished\":\"2021-01-12T22:45:23+00:00\",\"dateModified\":\"2023-06-20T07:26:46+00:00\",\"breadcrumb\":{\"@id\":\"https:\\\/\\\/fundacjaukraina.eu\\\/uk\\\/wynajem-bez-stresu-dla-cudzoziemcow\\\/#breadcrumb\"},\"inLanguage\":\"ua-UA\",\"potentialAction\":[{\"@type\":\"ReadAction\",\"target\":[\"https:\\\/\\\/fundacjaukraina.eu\\\/uk\\\/wynajem-bez-stresu-dla-cudzoziemcow\\\/\"]}]},{\"@type\":\"ImageObject\",\"inLanguage\":\"ua-UA\",\"@id\":\"https:\\\/\\\/fundacjaukraina.eu\\\/uk\\\/wynajem-bez-stresu-dla-cudzoziemcow\\\/#primaryimage\",\"url\":\"https:\\\/\\\/fundacjaukraina.eu\\\/wp-content\\\/uploads\\\/2023\\\/01\\\/key-2323278_1920-1.jpg\",\"contentUrl\":\"https:\\\/\\\/fundacjaukraina.eu\\\/wp-content\\\/uploads\\\/2023\\\/01\\\/key-2323278_1920-1.jpg\",\"width\":1920,\"height\":1280,\"caption\":\"Osoba trzyma w d\u0142oni klucze.\"},{\"@type\":\"BreadcrumbList\",\"@id\":\"https:\\\/\\\/fundacjaukraina.eu\\\/uk\\\/wynajem-bez-stresu-dla-cudzoziemcow\\\/#breadcrumb\",\"itemListElement\":[{\"@type\":\"ListItem\",\"position\":1,\"name\":\"Home\",\"item\":\"https:\\\/\\\/fundacjaukraina.eu\\\/uk\\\/\"},{\"@type\":\"ListItem\",\"position\":2,\"name\":\"Wynajem bez stresu dla cudzoziemc\u00f3w\"}]},{\"@type\":\"WebSite\",\"@id\":\"https:\\\/\\\/fundacjaukraina.eu\\\/#website\",\"url\":\"https:\\\/\\\/fundacjaukraina.eu\\\/\",\"name\":\"Fundacja Ukraina\",\"description\":\"Pracujemy z lud\u017ami i dla ludzi\",\"publisher\":{\"@id\":\"https:\\\/\\\/fundacjaukraina.eu\\\/#organization\"},\"potentialAction\":[{\"@type\":\"SearchAction\",\"target\":{\"@type\":\"EntryPoint\",\"urlTemplate\":\"https:\\\/\\\/fundacjaukraina.eu\\\/?s={search_term_string}\"},\"query-input\":{\"@type\":\"PropertyValueSpecification\",\"valueRequired\":true,\"valueName\":\"search_term_string\"}}],\"inLanguage\":\"ua-UA\"},{\"@type\":\"Organization\",\"@id\":\"https:\\\/\\\/fundacjaukraina.eu\\\/#organization\",\"name\":\"Fundacja Ukraina\",\"url\":\"https:\\\/\\\/fundacjaukraina.eu\\\/\",\"logo\":{\"@type\":\"ImageObject\",\"inLanguage\":\"ua-UA\",\"@id\":\"https:\\\/\\\/fundacjaukraina.eu\\\/#\\\/schema\\\/logo\\\/image\\\/\",\"url\":\"https:\\\/\\\/fundacjaukraina.eu\\\/wp-content\\\/uploads\\\/2023\\\/09\\\/fu-main.png\",\"contentUrl\":\"https:\\\/\\\/fundacjaukraina.eu\\\/wp-content\\\/uploads\\\/2023\\\/09\\\/fu-main.png\",\"width\":1200,\"height\":630,\"caption\":\"Fundacja Ukraina\"},\"image\":{\"@id\":\"https:\\\/\\\/fundacjaukraina.eu\\\/#\\\/schema\\\/logo\\\/image\\\/\"},\"sameAs\":[\"https:\\\/\\\/www.facebook.com\\\/fundacja.ukraina\\\/\",\"https:\\\/\\\/www.linkedin.com\\\/company\\\/fundacja-ukraina\"]},{\"@type\":\"Person\",\"@id\":\"https:\\\/\\\/fundacjaukraina.eu\\\/#\\\/schema\\\/person\\\/695dd52aaea89387b9eaa44ca3622e57\",\"name\":\"fu-admin\",\"image\":{\"@type\":\"ImageObject\",\"inLanguage\":\"ua-UA\",\"@id\":\"https:\\\/\\\/secure.gravatar.com\\\/avatar\\\/51242c9e7cbd8a4a290d3e357f646828e11567e4f3958f79d43b8351b1dda904?s=96&d=mm&r=g\",\"url\":\"https:\\\/\\\/secure.gravatar.com\\\/avatar\\\/51242c9e7cbd8a4a290d3e357f646828e11567e4f3958f79d43b8351b1dda904?s=96&d=mm&r=g\",\"contentUrl\":\"https:\\\/\\\/secure.gravatar.com\\\/avatar\\\/51242c9e7cbd8a4a290d3e357f646828e11567e4f3958f79d43b8351b1dda904?s=96&d=mm&r=g\",\"caption\":\"fu-admin\"},\"sameAs\":[\"https:\\\/\\\/fundacjaukraina.eu\"],\"url\":\"https:\\\/\\\/fundacjaukraina.eu\\\/uk\\\/author\\\/fu-admin\\\/\"}]}<\/script>\n<!-- \/ Yoast SEO plugin. -->","yoast_head_json":{"title":"Wynajem bez stresu dla cudzoziemc\u00f3w - Fundacja Ukraina","robots":{"index":"index","follow":"follow","max-snippet":"max-snippet:-1","max-image-preview":"max-image-preview:large","max-video-preview":"max-video-preview:-1"},"canonical":"https:\/\/fundacjaukraina.eu\/uk\/wynajem-bez-stresu-dla-cudzoziemcow\/","og_locale":"en_US","og_type":"article","og_title":"Wynajem bez stresu dla cudzoziemc\u00f3w - Fundacja Ukraina","og_description":"Wynajem mieszkanie to wyzwanie, z kt\u00f3rym zmagaj\u0105 si\u0119 wszyscy obcokrajowcy, kt\u00f3rzy chc\u0105 zamieszka\u0107 na d\u0142u\u017cszy okres w Polsce. Jak u\u0142atwi\u0107 sobie proces poszukiwania i wynaj\u0119cia mieszkania na zlecenie Fundacji Ukraina opowiedzia\u0142 Igor Bogusz. Porady profesjonalisty w dziedzinie nieruchomo\u015bci czytajcie w artykule. Ka\u017cdy z nas przynajmniej raz wynajmowa\u0142 mieszkanie, ale nie ka\u017cdy z nas ma pozytywne...","og_url":"https:\/\/fundacjaukraina.eu\/uk\/wynajem-bez-stresu-dla-cudzoziemcow\/","og_site_name":"Fundacja Ukraina","article_publisher":"https:\/\/www.facebook.com\/fundacja.ukraina\/","article_published_time":"2021-01-12T22:45:23+00:00","article_modified_time":"2023-06-20T07:26:46+00:00","og_image":[{"width":1920,"height":1280,"url":"https:\/\/fundacjaukraina.eu\/wp-content\/uploads\/2023\/01\/key-2323278_1920-1.jpg","type":"image\/jpeg"}],"author":"fu-admin","twitter_card":"summary_large_image","twitter_misc":{"Written by":"fu-admin","Est. reading time":"7 minutes"},"schema":{"@context":"https:\/\/schema.org","@graph":[{"@type":"Article","@id":"https:\/\/fundacjaukraina.eu\/uk\/wynajem-bez-stresu-dla-cudzoziemcow\/#article","isPartOf":{"@id":"https:\/\/fundacjaukraina.eu\/uk\/wynajem-bez-stresu-dla-cudzoziemcow\/"},"author":{"name":"fu-admin","@id":"https:\/\/fundacjaukraina.eu\/#\/schema\/person\/695dd52aaea89387b9eaa44ca3622e57"},"headline":"Wynajem bez stresu dla cudzoziemc\u00f3w","datePublished":"2021-01-12T22:45:23+00:00","dateModified":"2023-06-20T07:26:46+00:00","mainEntityOfPage":{"@id":"https:\/\/fundacjaukraina.eu\/uk\/wynajem-bez-stresu-dla-cudzoziemcow\/"},"wordCount":1367,"publisher":{"@id":"https:\/\/fundacjaukraina.eu\/#organization"},"image":{"@id":"https:\/\/fundacjaukraina.eu\/uk\/wynajem-bez-stresu-dla-cudzoziemcow\/#primaryimage"},"thumbnailUrl":"https:\/\/fundacjaukraina.eu\/wp-content\/uploads\/2023\/01\/key-2323278_1920-1.jpg","keywords":["informigrants"],"articleSection":["ReSTART","Informigrants"],"inLanguage":"ua-UA"},{"@type":"WebPage","@id":"https:\/\/fundacjaukraina.eu\/uk\/wynajem-bez-stresu-dla-cudzoziemcow\/","url":"https:\/\/fundacjaukraina.eu\/uk\/wynajem-bez-stresu-dla-cudzoziemcow\/","name":"Wynajem bez stresu dla cudzoziemc\u00f3w - Fundacja Ukraina","isPartOf":{"@id":"https:\/\/fundacjaukraina.eu\/#website"},"primaryImageOfPage":{"@id":"https:\/\/fundacjaukraina.eu\/uk\/wynajem-bez-stresu-dla-cudzoziemcow\/#primaryimage"},"image":{"@id":"https:\/\/fundacjaukraina.eu\/uk\/wynajem-bez-stresu-dla-cudzoziemcow\/#primaryimage"},"thumbnailUrl":"https:\/\/fundacjaukraina.eu\/wp-content\/uploads\/2023\/01\/key-2323278_1920-1.jpg","datePublished":"2021-01-12T22:45:23+00:00","dateModified":"2023-06-20T07:26:46+00:00","breadcrumb":{"@id":"https:\/\/fundacjaukraina.eu\/uk\/wynajem-bez-stresu-dla-cudzoziemcow\/#breadcrumb"},"inLanguage":"ua-UA","potentialAction":[{"@type":"ReadAction","target":["https:\/\/fundacjaukraina.eu\/uk\/wynajem-bez-stresu-dla-cudzoziemcow\/"]}]},{"@type":"ImageObject","inLanguage":"ua-UA","@id":"https:\/\/fundacjaukraina.eu\/uk\/wynajem-bez-stresu-dla-cudzoziemcow\/#primaryimage","url":"https:\/\/fundacjaukraina.eu\/wp-content\/uploads\/2023\/01\/key-2323278_1920-1.jpg","contentUrl":"https:\/\/fundacjaukraina.eu\/wp-content\/uploads\/2023\/01\/key-2323278_1920-1.jpg","width":1920,"height":1280,"caption":"Osoba trzyma w d\u0142oni klucze."},{"@type":"BreadcrumbList","@id":"https:\/\/fundacjaukraina.eu\/uk\/wynajem-bez-stresu-dla-cudzoziemcow\/#breadcrumb","itemListElement":[{"@type":"ListItem","position":1,"name":"Home","item":"https:\/\/fundacjaukraina.eu\/uk\/"},{"@type":"ListItem","position":2,"name":"Wynajem bez stresu dla cudzoziemc\u00f3w"}]},{"@type":"WebSite","@id":"https:\/\/fundacjaukraina.eu\/#website","url":"https:\/\/fundacjaukraina.eu\/","name":"Fundacja Ukraina","description":"Pracujemy z lud\u017ami i dla ludzi","publisher":{"@id":"https:\/\/fundacjaukraina.eu\/#organization"},"potentialAction":[{"@type":"SearchAction","target":{"@type":"EntryPoint","urlTemplate":"https:\/\/fundacjaukraina.eu\/?s={search_term_string}"},"query-input":{"@type":"PropertyValueSpecification","valueRequired":true,"valueName":"search_term_string"}}],"inLanguage":"ua-UA"},{"@type":"Organization","@id":"https:\/\/fundacjaukraina.eu\/#organization","name":"Fundacja Ukraina","url":"https:\/\/fundacjaukraina.eu\/","logo":{"@type":"ImageObject","inLanguage":"ua-UA","@id":"https:\/\/fundacjaukraina.eu\/#\/schema\/logo\/image\/","url":"https:\/\/fundacjaukraina.eu\/wp-content\/uploads\/2023\/09\/fu-main.png","contentUrl":"https:\/\/fundacjaukraina.eu\/wp-content\/uploads\/2023\/09\/fu-main.png","width":1200,"height":630,"caption":"Fundacja Ukraina"},"image":{"@id":"https:\/\/fundacjaukraina.eu\/#\/schema\/logo\/image\/"},"sameAs":["https:\/\/www.facebook.com\/fundacja.ukraina\/","https:\/\/www.linkedin.com\/company\/fundacja-ukraina"]},{"@type":"Person","@id":"https:\/\/fundacjaukraina.eu\/#\/schema\/person\/695dd52aaea89387b9eaa44ca3622e57","name":"fu-admin","image":{"@type":"ImageObject","inLanguage":"ua-UA","@id":"https:\/\/secure.gravatar.com\/avatar\/51242c9e7cbd8a4a290d3e357f646828e11567e4f3958f79d43b8351b1dda904?s=96&d=mm&r=g","url":"https:\/\/secure.gravatar.com\/avatar\/51242c9e7cbd8a4a290d3e357f646828e11567e4f3958f79d43b8351b1dda904?s=96&d=mm&r=g","contentUrl":"https:\/\/secure.gravatar.com\/avatar\/51242c9e7cbd8a4a290d3e357f646828e11567e4f3958f79d43b8351b1dda904?s=96&d=mm&r=g","caption":"fu-admin"},"sameAs":["https:\/\/fundacjaukraina.eu"],"url":"https:\/\/fundacjaukraina.eu\/uk\/author\/fu-admin\/"}]}},"author_meta":{"display_name":"fu-admin","author_link":"https:\/\/fundacjaukraina.eu\/uk\/author\/fu-admin\/"},"featured_img":"https:\/\/fundacjaukraina.eu\/wp-content\/uploads\/2023\/01\/key-2323278_1920-1-600x400.jpg","coauthors":[],"tax_additional":{"categories":{"linked":["<a href=\"https:\/\/fundacjaukraina.eu\/uk\/category\/restart\/\" class=\"advgb-post-tax-term\">ReSTART<\/a>","<a href=\"https:\/\/fundacjaukraina.eu\/uk\/category\/informigrants\/\" class=\"advgb-post-tax-term\">Informigrants<\/a>"],"unlinked":["<span class=\"advgb-post-tax-term\">ReSTART<\/span>","<span class=\"advgb-post-tax-term\">Informigrants<\/span>"]},"tags":{"linked":["<a href=\"https:\/\/fundacjaukraina.eu\/uk\/category\/informigrants\/\" class=\"advgb-post-tax-term\">informigrants<\/a>"],"unlinked":["<span class=\"advgb-post-tax-term\">informigrants<\/span>"]}},"comment_count":"0","relative_dates":{"created":"Posted 5 years ago","modified":"Updated 3 years ago"},"absolute_dates":{"created":"Posted on 2021-01-12","modified":"Updated on 2023-06-20"},"absolute_dates_time":{"created":"Posted on 2021-01-12 23:45","modified":"Updated on 2023-06-20 09:26"},"featured_img_caption":"","series_order":"","_links":{"self":[{"href":"https:\/\/fundacjaukraina.eu\/uk\/wp-json\/wp\/v2\/posts\/2448","targetHints":{"allow":["GET"]}}],"collection":[{"href":"https:\/\/fundacjaukraina.eu\/uk\/wp-json\/wp\/v2\/posts"}],"about":[{"href":"https:\/\/fundacjaukraina.eu\/uk\/wp-json\/wp\/v2\/types\/post"}],"author":[{"embeddable":true,"href":"https:\/\/fundacjaukraina.eu\/uk\/wp-json\/wp\/v2\/users\/1"}],"replies":[{"embeddable":true,"href":"https:\/\/fundacjaukraina.eu\/uk\/wp-json\/wp\/v2\/comments?post=2448"}],"version-history":[{"count":2,"href":"https:\/\/fundacjaukraina.eu\/uk\/wp-json\/wp\/v2\/posts\/2448\/revisions"}],"predecessor-version":[{"id":4046,"href":"https:\/\/fundacjaukraina.eu\/uk\/wp-json\/wp\/v2\/posts\/2448\/revisions\/4046"}],"wp:featuredmedia":[{"embeddable":true,"href":"https:\/\/fundacjaukraina.eu\/uk\/wp-json\/wp\/v2\/media\/2449"}],"wp:attachment":[{"href":"https:\/\/fundacjaukraina.eu\/uk\/wp-json\/wp\/v2\/media?parent=2448"}],"wp:term":[{"taxonomy":"category","embeddable":true,"href":"https:\/\/fundacjaukraina.eu\/uk\/wp-json\/wp\/v2\/categories?post=2448"},{"taxonomy":"post_tag","embeddable":true,"href":"https:\/\/fundacjaukraina.eu\/uk\/wp-json\/wp\/v2\/tags?post=2448"}],"curies":[{"name":"wp","href":"https:\/\/api.w.org\/{rel}","templated":true}]}}